{"id":837,"date":"2024-05-08T11:39:53","date_gmt":"2024-05-08T09:39:53","guid":{"rendered":"https:\/\/zverissimo.sk\/podcast\/?p=837"},"modified":"2024-12-18T11:56:08","modified_gmt":"2024-12-18T10:56:08","slug":"ceskoslovensky-vlciak-a-slovensky-cuvac-slovenske-klenoty-so-srdcom-vlka-a-dusou-strazcu","status":"publish","type":"post","link":"https:\/\/zverissimo.sk\/podcast\/ceskoslovensky-vlciak-a-slovensky-cuvac-slovenske-klenoty-so-srdcom-vlka-a-dusou-strazcu\/","title":{"rendered":"\u010ceskoslovensk\u00fd vl\u010diak a slovensk\u00fd \u010duva\u010d: Slovensk\u00e9 klenoty so srdcom vlka a du\u0161ou str\u00e1\u017ecu"},"content":{"rendered":"<h2>Klenoty n\u00e1\u0161ho kynologick\u00e9ho sveta<\/h2>\n<p>Ako dobre pozn\u00e1te na\u0161e <strong>slovensk\u00e9 n\u00e1rodn\u00e9 plemen\u00e1?<\/strong> \u010ceskoslovensk\u00fd vl\u010diak a slovensk\u00fd \u010duva\u010d nie s\u00fa len kr\u00e1sne a majest\u00e1tne \u0161tvorno\u017ece, ale aj \u017eiv\u00e9 pripomienky na\u0161ej hist\u00f3rie a kult\u00fary. Tieto plemen\u00e1 maj\u00fa svoje korene hlboko v slovenskej pr\u00edrode a svoj\u00edm jedine\u010dn\u00fdm temperamentom a zmyslom pre rodinu si z\u00edskavaj\u00fa \u010doraz viac dvojno\u017ecov po celom svete. V najnov\u0161ej epiz\u00f3de <strong>Zverissimo<\/strong> sme sa rozpr\u00e1vali s odborn\u00ed\u010dkami <strong>Jankou Brussovou<\/strong> (\u010deskoslovensk\u00fd vl\u010diak) a <strong>Zuzanou Tr\u010danovou<\/strong> (slovensk\u00fd \u010duva\u010d), ktor\u00e9 n\u00e1m pribl\u00ed\u017eili hist\u00f3riu, charakteristiku a v\u00fdzvy chovu t\u00fdchto psov.<\/p>\n<h2>\u010ceskoslovensk\u00fd vl\u010diak: Vl\u010dia elegancia s pracovn\u00fdm duchom<\/h2>\n<h3>\nHist\u00f3ria plemena<\/h3>\n<p>\u010ceskoslovensk\u00fd vl\u010diak vznikol ako v\u00fdsledok biologick\u00e9ho experimentu v 50. rokoch. Cie\u013eom bolo skombinova\u0165 vytrvalos\u0165 a silu vlka s poslu\u0161nos\u0165ou nemeck\u00e9ho ov\u010diaka. Ako uviedla Janka Brussov\u00e1, tento pokus spo\u010diatku smeroval k vytvoreniu pracovn\u00e9ho psa pre arm\u00e1du. Hoci sa plemeno uk\u00e1zalo by\u0165 n\u00e1ro\u010dn\u00e9 na v\u00fdcvik a menej prisp\u00f4sobiv\u00e9, na\u0161lo si svojich priaznivcov medzi civilistami. V\u010faka ne\u00fanavnej pr\u00e1ci chovate\u013eov, vr\u00e1tane Franti\u0161ka Ros\u00edka a Karla Hartla, sa vl\u010diak stal jedn\u00fdm z na\u0161ich n\u00e1rodn\u00fdch symbolov.<\/p>\n<h3>\nCharakteristika a temperament<\/h3>\n<p>\u010ceskoslovensk\u00fd vl\u010diak je <strong>sebavedom\u00fd, inteligentn\u00fd a temperamentn\u00fd<\/strong>. Pripom\u00edna vlka nielen vzh\u013eadom, ale aj povahou. Je to ps\u00edk, ktor\u00fd vy\u017eaduje pevn\u00fa ruku, jasn\u00e9 vedenie a d\u00f4sledn\u00fa socializ\u00e1ciu. Janka zd\u00f4raznila, \u017ee vl\u010diak potrebuje nielen v\u00fdchovu, ale aj <strong>pravideln\u00e9 v\u00fdzvy a pohyb<\/strong>, aby zostal \u0161\u0165astn\u00fd a vyrovnan\u00fd.<\/p>\n<p><strong>Tip pre dvojno\u017ecov:<\/strong> Ak zva\u017eujete \u010deskoslovensk\u00e9ho vl\u010diaka, pripravte sa na dlh\u00e9 vych\u00e1dzky, tr\u00e9ningy a ve\u013ea trpezlivosti. Tento \u0161tvorno\u017eec nie je pre za\u010diato\u010dn\u00edkov.<\/p>\n<h2>Slovensk\u00fd \u010duva\u010d: Vern\u00fd str\u00e1\u017eca so snehobielou hrivou<\/h2>\n<h3>\nHist\u00f3ria plemena<\/h3>\n<p>Slovensk\u00fd \u010duva\u010d m\u00e1 korene hlboko zakorenen\u00e9 v na\u0161ich hor\u00e1ch. Bol vy\u0161\u013eachten\u00fd na str\u00e1\u017eenie ov\u010d\u00edch st\u00e1d pred vlkmi a medve\u010fmi. Ako uviedla Zuzana Tr\u010danov\u00e1, jeho \u010distota a zachovanie s\u00fa v\u00fdsledkom pr\u00e1ce profesora Anton\u00edna Hr\u016fzu, ktor\u00fd za\u010diatkom 20. storo\u010dia polo\u017eil z\u00e1klady modern\u00e9ho chovu \u010duva\u010da. Dnes je \u010duva\u010d symbolom slovenskej pr\u00edrody a dedi\u010dstvom na\u0161ich sala\u0161n\u00edckych trad\u00edci\u00ed.<\/p>\n<h3>\nCharakteristika a temperament<\/h3>\n<p>\u010cuva\u010d je <strong>inteligentn\u00fd, sebavedom\u00fd a oddan\u00fd svojej rodine.<\/strong> Ako str\u00e1\u017eny pes sa rozhoduje samostatne, \u010do m\u00f4\u017ee by\u0165 pre niektor\u00fdch majite\u013eov v\u00fdzva. Zuzana zd\u00f4raznila, \u017ee \u010duva\u010d potrebuje d\u00f4sledn\u00e9ho, no l\u00e1skav\u00e9ho p\u00e1na, ktor\u00fd dok\u00e1\u017ee usmerni\u0165 jeho prirodzen\u00fa nez\u00e1vislos\u0165.<\/p>\n<p><strong>Tip pre dvojno\u017ecov:<\/strong> \u010cuva\u010d je ide\u00e1lny pre rodiny s ve\u013ek\u00fdm pozemkom, ktor\u00e9 h\u013eadaj\u00fa spo\u013eahliv\u00e9ho ochrancu a miluj\u00faceho spolo\u010dn\u00edka.<\/p>\n<h2>Chov a v\u00fdchova: V\u00fdzvy aj rados\u0165<\/h2>\n<h3>\nVl\u010diak alebo \u010duva\u010d do rodiny?<\/h3>\n<p>Obe plemen\u00e1 miluj\u00fa svoju rodinu a dobre sa prisp\u00f4sobia aj de\u0165om. Ako v\u0161ak zd\u00f4raznili na\u0161e hostky, vy\u017eaduj\u00fa jasn\u00e9 hranice a spr\u00e1vnu socializ\u00e1ciu. \u010cuva\u010d sa hod\u00ed aj pre menej sk\u00fasen\u00fdch majite\u013eov, ak t\u00edto pochopia jeho nez\u00e1vislos\u0165. \u010ceskoslovensk\u00fd vl\u010diak je n\u00e1ro\u010dnej\u0161\u00ed, no odmen\u00ed v\u00e1s svojou vernos\u0165ou a majest\u00e1tnos\u0165ou.<\/p>\n<h3>\nV\u00fdchova a socializ\u00e1cia<\/h3>\n<p>\u010cuva\u010d i vl\u010diak potrebuj\u00fa <strong>pevn\u00e9 vedenie<\/strong> a ve\u013ea interakci\u00ed od \u0161teniatka. Vl\u010diak mus\u00ed by\u0165 od \u00fatleho veku zvyknut\u00fd na \u013eud\u00ed, in\u00e9 zvierat\u00e1 a nov\u00e9 prostredie, aby sa vyrovnal so svojou vl\u010dou povahou. \u010cuva\u010d zas vy\u017eaduje, aby sa s n\u00edm pracovalo na vytvoren\u00ed poslu\u0161nosti bez potla\u010denia jeho prirodzenej samostatnosti.<\/p>\n<p><strong>Tip:<\/strong> Investujte do spr\u00e1vneho tr\u00e9ningu a v\u00fdchovy. Pre obe plemen\u00e1 je k\u013e\u00fa\u010dov\u00e9 pochopi\u0165 ich povahu a re\u0161pektova\u0165 ich individualitu.<\/p>\n<h2>Bud\u00facnos\u0165 slovensk\u00fdch plemien: Zachovanie dedi\u010dstva<\/h2>\n<p>Obe hostky zd\u00f4raznili d\u00f4le\u017eitos\u0165 zachovania p\u00f4vodn\u00e9ho z\u00e1meru chovu \u2013 pracovn\u00e9ho vyu\u017eitia t\u00fdchto psov. Zuzana si \u017eel\u00e1, aby \u010duva\u010de zostali na sala\u0161och a chr\u00e1nili ovce pred pred\u00e1tormi. Janka vid\u00ed bud\u00facnos\u0165 vl\u010diakov nielen ako spolo\u010dn\u00edkov, ale aj ako pracovn\u00fdch psov v z\u00e1chran\u00e1rstve \u010di \u0161porte.<\/p>\n<p><strong>Zauj\u00edmav\u00fd fakt:<\/strong> \u010ceskoslovensk\u00fd vl\u010diak m\u00e1 ako jedin\u00e9 plemeno povinn\u00fa sk\u00fa\u0161ku vytrvalosti, ktor\u00e1 preveruje jeho schopnos\u0165 ubehn\u00fa\u0165 40 kilometrov pri bicykli.<\/p>\n<h2>Na \u010do nezabudn\u00fa\u0165<\/h2>\n<p>\u010ceskoslovensk\u00fd vl\u010diak a slovensk\u00fd \u010duva\u010d s\u00fa viac ne\u017e len psy \u2013 s\u00fa \u017eiv\u00fdmi symbolmi na\u0161ej hist\u00f3rie a kult\u00fary. Ak zva\u017eujete niektor\u00e9 z t\u00fdchto plemien, bu\u010fte pripraven\u00ed na zodpovednos\u0165, ktor\u00e1 prich\u00e1dza s ich chovom. Tieto \u0161tvorno\u017ece v\u00e1s v\u0161ak odmenia bezhrani\u010dnou oddanos\u0165ou, l\u00e1skou a neopakovate\u013en\u00fdmi z\u00e1\u017eitkami.<\/p>\n<p>Zvedav\u00ed na viac? <strong><a href=\"https:\/\/zverissimo.sk\/podcast\/epizoda\/s02e14-nase-vlastne-cast-2\/\">Vypo\u010dujte si Zverissimo<\/a><\/strong> a presk\u00famajte svet slovensk\u00fdch n\u00e1rodn\u00fdch plemien. Ak\u00e9 sk\u00fasenosti m\u00e1te s \u010deskoslovensk\u00fdm vl\u010diakom alebo slovensk\u00fdm \u010duva\u010dom vy? Pode\u013ete sa s nami v koment\u00e1roch!<\/p>\n","protected":false},"excerpt":{"rendered":"<p>Regular text in vel diam ultrices, aliquam orci ut, sodales augue. Etiam ex magna, elementum non diam eget, aliquam dictum sapien.<\/p>\n","protected":false},"author":2,"featured_media":838,"comment_status":"closed","ping_status":"closed","sticky":false,"template":"","format":"standard","meta":{"inline_featured_image":false},"categories":[10,13],"tags":[33,57,49,11,56],"acf":[],"yoast_head":"<title>\u010ceskoslovensk\u00fd vl\u010diak a slovensk\u00fd \u010duva\u010d: Slovensk\u00e9 klenoty so srdcom vlka a du\u0161ou str\u00e1\u017ecu - Zverissimo<\/title>\n<meta name=\"description\" content=\"\u010ceskoslovensk\u00fd vl\u010diak a slovensk\u00fd \u010duva\u010d nie s\u00fa len kr\u00e1sne a majest\u00e1tne \u0161tvorno\u017ece, ale aj \u017eiv\u00e9 pripomienky na\u0161ej hist\u00f3rie a kult\u00fary.\" \/>\n<meta name=\"robots\" content=\"index, follow, max-snippet:-1, max-image-preview:large, max-video-preview:-1\" \/>\n<link rel=\"canonical\" href=\"https:\/\/zverissimo.sk\/podcast\/ceskoslovensky-vlciak-a-slovensky-cuvac-slovenske-klenoty-so-srdcom-vlka-a-dusou-strazcu\/\" \/>\n<meta property=\"og:locale\" content=\"sk_SK\" \/>\n<meta property=\"og:type\" content=\"article\" \/>\n<meta property=\"og:title\" content=\"\u010ceskoslovensk\u00fd vl\u010diak a slovensk\u00fd \u010duva\u010d: Slovensk\u00e9 klenoty so srdcom vlka a du\u0161ou str\u00e1\u017ecu - Zverissimo\" \/>\n<meta property=\"og:description\" content=\"\u010ceskoslovensk\u00fd vl\u010diak a slovensk\u00fd \u010duva\u010d nie s\u00fa len kr\u00e1sne a majest\u00e1tne \u0161tvorno\u017ece, ale aj \u017eiv\u00e9 pripomienky na\u0161ej hist\u00f3rie a kult\u00fary.\" \/>\n<meta property=\"og:url\" content=\"https:\/\/zverissimo.sk\/podcast\/ceskoslovensky-vlciak-a-slovensky-cuvac-slovenske-klenoty-so-srdcom-vlka-a-dusou-strazcu\/\" \/>\n<meta property=\"og:site_name\" content=\"Zverissimo\" \/>\n<meta property=\"article:publisher\" content=\"https:\/\/www.facebook.com\/zverissimo\" \/>\n<meta property=\"article:published_time\" content=\"2024-05-08T09:39:53+00:00\" \/>\n<meta property=\"article:modified_time\" content=\"2024-12-18T10:56:08+00:00\" \/>\n<meta property=\"og:image\" content=\"https:\/\/zverissimo.sk\/podcast\/engine\/wp-content\/uploads\/2024\/12\/s02-e14-vypis-2-vyber.png\" \/>\n\t<meta property=\"og:image:width\" content=\"1170\" \/>\n\t<meta property=\"og:image:height\" content=\"658\" \/>\n\t<meta property=\"og:image:type\" content=\"image\/png\" \/>\n<meta name=\"author\" content=\"Zverissimo\" \/>\n<meta name=\"twitter:card\" content=\"summary_large_image\" \/>\n<meta name=\"twitter:label1\" content=\"Autor\" \/>\n\t<meta name=\"twitter:data1\" content=\"Zverissimo\" \/>\n\t<meta name=\"twitter:label2\" content=\"Predpokladan\u00fd \u010das \u010d\u00edtania\" \/>\n\t<meta name=\"twitter:data2\" content=\"4 min\u00faty\" \/>\n<script type=\"application\/ld+json\" class=\"yoast-schema-graph\">{\"@context\":\"https:\/\/schema.org\",\"@graph\":[{\"@type\":\"Article\",\"@id\":\"https:\/\/zverissimo.sk\/podcast\/ceskoslovensky-vlciak-a-slovensky-cuvac-slovenske-klenoty-so-srdcom-vlka-a-dusou-strazcu\/#article\",\"isPartOf\":{\"@id\":\"https:\/\/zverissimo.sk\/podcast\/ceskoslovensky-vlciak-a-slovensky-cuvac-slovenske-klenoty-so-srdcom-vlka-a-dusou-strazcu\/\"},\"author\":{\"name\":\"Zverissimo\",\"@id\":\"https:\/\/zverissimo.sk\/podcast\/#\/schema\/person\/e026fb09405def5321ad2f9b70a2a0d1\"},\"headline\":\"\u010ceskoslovensk\u00fd vl\u010diak a slovensk\u00fd \u010duva\u010d: Slovensk\u00e9 klenoty so srdcom vlka a du\u0161ou str\u00e1\u017ecu\",\"datePublished\":\"2024-05-08T09:39:53+00:00\",\"dateModified\":\"2024-12-18T10:56:08+00:00\",\"mainEntityOfPage\":{\"@id\":\"https:\/\/zverissimo.sk\/podcast\/ceskoslovensky-vlciak-a-slovensky-cuvac-slovenske-klenoty-so-srdcom-vlka-a-dusou-strazcu\/\"},\"wordCount\":859,\"publisher\":{\"@id\":\"https:\/\/zverissimo.sk\/podcast\/#organization\"},\"keywords\":[\"kynol\u00f3gia\",\"plemen\u00e1 psov\",\"preukaz p\u00f4vodu\",\"psy\",\"starostlivos\u0165\"],\"articleSection\":[\"\u010cl\u00e1nky\",\"Rady\"],\"inLanguage\":\"sk-SK\"},{\"@type\":\"WebPage\",\"@id\":\"https:\/\/zverissimo.sk\/podcast\/ceskoslovensky-vlciak-a-slovensky-cuvac-slovenske-klenoty-so-srdcom-vlka-a-dusou-strazcu\/\",\"url\":\"https:\/\/zverissimo.sk\/podcast\/ceskoslovensky-vlciak-a-slovensky-cuvac-slovenske-klenoty-so-srdcom-vlka-a-dusou-strazcu\/\",\"name\":\"\u010ceskoslovensk\u00fd vl\u010diak a slovensk\u00fd \u010duva\u010d: Slovensk\u00e9 klenoty so srdcom vlka a du\u0161ou str\u00e1\u017ecu - Zverissimo\",\"isPartOf\":{\"@id\":\"https:\/\/zverissimo.sk\/podcast\/#website\"},\"datePublished\":\"2024-05-08T09:39:53+00:00\",\"dateModified\":\"2024-12-18T10:56:08+00:00\",\"description\":\"\u010ceskoslovensk\u00fd vl\u010diak a slovensk\u00fd \u010duva\u010d nie s\u00fa len kr\u00e1sne a majest\u00e1tne \u0161tvorno\u017ece, ale aj \u017eiv\u00e9 pripomienky na\u0161ej hist\u00f3rie a kult\u00fary.\",\"breadcrumb\":{\"@id\":\"https:\/\/zverissimo.sk\/podcast\/ceskoslovensky-vlciak-a-slovensky-cuvac-slovenske-klenoty-so-srdcom-vlka-a-dusou-strazcu\/#breadcrumb\"},\"inLanguage\":\"sk-SK\",\"potentialAction\":[{\"@type\":\"ReadAction\",\"target\":[\"https:\/\/zverissimo.sk\/podcast\/ceskoslovensky-vlciak-a-slovensky-cuvac-slovenske-klenoty-so-srdcom-vlka-a-dusou-strazcu\/\"]}]},{\"@type\":\"BreadcrumbList\",\"@id\":\"https:\/\/zverissimo.sk\/podcast\/ceskoslovensky-vlciak-a-slovensky-cuvac-slovenske-klenoty-so-srdcom-vlka-a-dusou-strazcu\/#breadcrumb\",\"itemListElement\":[{\"@type\":\"ListItem\",\"position\":1,\"name\":\"Domovsk\u00e1 str\u00e1nka\",\"item\":\"https:\/\/zverissimo.sk\/podcast\/\"},{\"@type\":\"ListItem\",\"position\":2,\"name\":\"\u010ceskoslovensk\u00fd vl\u010diak a slovensk\u00fd \u010duva\u010d: Slovensk\u00e9 klenoty so srdcom vlka a du\u0161ou str\u00e1\u017ecu\"}]},{\"@type\":\"WebSite\",\"@id\":\"https:\/\/zverissimo.sk\/podcast\/#website\",\"url\":\"https:\/\/zverissimo.sk\/podcast\/\",\"name\":\"Zverissimo\",\"description\":\"Podcast: Dvojno\u017eci o \u0161tvorno\u017ecoch\",\"publisher\":{\"@id\":\"https:\/\/zverissimo.sk\/podcast\/#organization\"},\"potentialAction\":[{\"@type\":\"SearchAction\",\"target\":{\"@type\":\"EntryPoint\",\"urlTemplate\":\"https:\/\/zverissimo.sk\/podcast\/?s={search_term_string}\"},\"query-input\":\"required name=search_term_string\"}],\"inLanguage\":\"sk-SK\"},{\"@type\":\"Organization\",\"@id\":\"https:\/\/zverissimo.sk\/podcast\/#organization\",\"name\":\"Zverissimo\",\"url\":\"https:\/\/zverissimo.sk\/podcast\/\",\"logo\":{\"@type\":\"ImageObject\",\"inLanguage\":\"sk-SK\",\"@id\":\"https:\/\/zverissimo.sk\/podcast\/#\/schema\/logo\/image\/\",\"url\":\"https:\/\/zverissimo.sk\/podcast\/engine\/wp-content\/uploads\/2022\/07\/zverissimo_logo.svg\",\"contentUrl\":\"https:\/\/zverissimo.sk\/podcast\/engine\/wp-content\/uploads\/2022\/07\/zverissimo_logo.svg\",\"width\":240,\"height\":35,\"caption\":\"Zverissimo\"},\"image\":{\"@id\":\"https:\/\/zverissimo.sk\/podcast\/#\/schema\/logo\/image\/\"},\"sameAs\":[\"https:\/\/www.instagram.com\/zverissimo_podcast\/\",\"https:\/\/www.facebook.com\/zverissimo\"]},{\"@type\":\"Person\",\"@id\":\"https:\/\/zverissimo.sk\/podcast\/#\/schema\/person\/e026fb09405def5321ad2f9b70a2a0d1\",\"name\":\"Zverissimo\"}]}<\/script>","yoast_head_json":{"title":"\u010ceskoslovensk\u00fd vl\u010diak a slovensk\u00fd \u010duva\u010d: Slovensk\u00e9 klenoty so srdcom vlka a du\u0161ou str\u00e1\u017ecu - Zverissimo","description":"\u010ceskoslovensk\u00fd vl\u010diak a slovensk\u00fd \u010duva\u010d nie s\u00fa len kr\u00e1sne a majest\u00e1tne \u0161tvorno\u017ece, ale aj \u017eiv\u00e9 pripomienky na\u0161ej hist\u00f3rie a kult\u00fary.","robots":{"index":"index","follow":"follow","max-snippet":"max-snippet:-1","max-image-preview":"max-image-preview:large","max-video-preview":"max-video-preview:-1"},"canonical":"https:\/\/zverissimo.sk\/podcast\/ceskoslovensky-vlciak-a-slovensky-cuvac-slovenske-klenoty-so-srdcom-vlka-a-dusou-strazcu\/","og_locale":"sk_SK","og_type":"article","og_title":"\u010ceskoslovensk\u00fd vl\u010diak a slovensk\u00fd \u010duva\u010d: Slovensk\u00e9 klenoty so srdcom vlka a du\u0161ou str\u00e1\u017ecu - Zverissimo","og_description":"\u010ceskoslovensk\u00fd vl\u010diak a slovensk\u00fd \u010duva\u010d nie s\u00fa len kr\u00e1sne a majest\u00e1tne \u0161tvorno\u017ece, ale aj \u017eiv\u00e9 pripomienky na\u0161ej hist\u00f3rie a kult\u00fary.","og_url":"https:\/\/zverissimo.sk\/podcast\/ceskoslovensky-vlciak-a-slovensky-cuvac-slovenske-klenoty-so-srdcom-vlka-a-dusou-strazcu\/","og_site_name":"Zverissimo","article_publisher":"https:\/\/www.facebook.com\/zverissimo","article_published_time":"2024-05-08T09:39:53+00:00","article_modified_time":"2024-12-18T10:56:08+00:00","og_image":[{"width":1170,"height":658,"url":"https:\/\/zverissimo.sk\/podcast\/engine\/wp-content\/uploads\/2024\/12\/s02-e14-vypis-2-vyber.png","type":"image\/png"}],"author":"Zverissimo","twitter_card":"summary_large_image","twitter_misc":{"Autor":"Zverissimo","Predpokladan\u00fd \u010das \u010d\u00edtania":"4 min\u00faty"},"schema":{"@context":"https:\/\/schema.org","@graph":[{"@type":"Article","@id":"https:\/\/zverissimo.sk\/podcast\/ceskoslovensky-vlciak-a-slovensky-cuvac-slovenske-klenoty-so-srdcom-vlka-a-dusou-strazcu\/#article","isPartOf":{"@id":"https:\/\/zverissimo.sk\/podcast\/ceskoslovensky-vlciak-a-slovensky-cuvac-slovenske-klenoty-so-srdcom-vlka-a-dusou-strazcu\/"},"author":{"name":"Zverissimo","@id":"https:\/\/zverissimo.sk\/podcast\/#\/schema\/person\/e026fb09405def5321ad2f9b70a2a0d1"},"headline":"\u010ceskoslovensk\u00fd vl\u010diak a slovensk\u00fd \u010duva\u010d: Slovensk\u00e9 klenoty so srdcom vlka a du\u0161ou str\u00e1\u017ecu","datePublished":"2024-05-08T09:39:53+00:00","dateModified":"2024-12-18T10:56:08+00:00","mainEntityOfPage":{"@id":"https:\/\/zverissimo.sk\/podcast\/ceskoslovensky-vlciak-a-slovensky-cuvac-slovenske-klenoty-so-srdcom-vlka-a-dusou-strazcu\/"},"wordCount":859,"publisher":{"@id":"https:\/\/zverissimo.sk\/podcast\/#organization"},"keywords":["kynol\u00f3gia","plemen\u00e1 psov","preukaz p\u00f4vodu","psy","starostlivos\u0165"],"articleSection":["\u010cl\u00e1nky","Rady"],"inLanguage":"sk-SK"},{"@type":"WebPage","@id":"https:\/\/zverissimo.sk\/podcast\/ceskoslovensky-vlciak-a-slovensky-cuvac-slovenske-klenoty-so-srdcom-vlka-a-dusou-strazcu\/","url":"https:\/\/zverissimo.sk\/podcast\/ceskoslovensky-vlciak-a-slovensky-cuvac-slovenske-klenoty-so-srdcom-vlka-a-dusou-strazcu\/","name":"\u010ceskoslovensk\u00fd vl\u010diak a slovensk\u00fd \u010duva\u010d: Slovensk\u00e9 klenoty so srdcom vlka a du\u0161ou str\u00e1\u017ecu - Zverissimo","isPartOf":{"@id":"https:\/\/zverissimo.sk\/podcast\/#website"},"datePublished":"2024-05-08T09:39:53+00:00","dateModified":"2024-12-18T10:56:08+00:00","description":"\u010ceskoslovensk\u00fd vl\u010diak a slovensk\u00fd \u010duva\u010d nie s\u00fa len kr\u00e1sne a majest\u00e1tne \u0161tvorno\u017ece, ale aj \u017eiv\u00e9 pripomienky na\u0161ej hist\u00f3rie a kult\u00fary.","breadcrumb":{"@id":"https:\/\/zverissimo.sk\/podcast\/ceskoslovensky-vlciak-a-slovensky-cuvac-slovenske-klenoty-so-srdcom-vlka-a-dusou-strazcu\/#breadcrumb"},"inLanguage":"sk-SK","potentialAction":[{"@type":"ReadAction","target":["https:\/\/zverissimo.sk\/podcast\/ceskoslovensky-vlciak-a-slovensky-cuvac-slovenske-klenoty-so-srdcom-vlka-a-dusou-strazcu\/"]}]},{"@type":"BreadcrumbList","@id":"https:\/\/zverissimo.sk\/podcast\/ceskoslovensky-vlciak-a-slovensky-cuvac-slovenske-klenoty-so-srdcom-vlka-a-dusou-strazcu\/#breadcrumb","itemListElement":[{"@type":"ListItem","position":1,"name":"Domovsk\u00e1 str\u00e1nka","item":"https:\/\/zverissimo.sk\/podcast\/"},{"@type":"ListItem","position":2,"name":"\u010ceskoslovensk\u00fd vl\u010diak a slovensk\u00fd \u010duva\u010d: Slovensk\u00e9 klenoty so srdcom vlka a du\u0161ou str\u00e1\u017ecu"}]},{"@type":"WebSite","@id":"https:\/\/zverissimo.sk\/podcast\/#website","url":"https:\/\/zverissimo.sk\/podcast\/","name":"Zverissimo","description":"Podcast: Dvojno\u017eci o \u0161tvorno\u017ecoch","publisher":{"@id":"https:\/\/zverissimo.sk\/podcast\/#organization"},"potentialAction":[{"@type":"SearchAction","target":{"@type":"EntryPoint","urlTemplate":"https:\/\/zverissimo.sk\/podcast\/?s={search_term_string}"},"query-input":"required name=search_term_string"}],"inLanguage":"sk-SK"},{"@type":"Organization","@id":"https:\/\/zverissimo.sk\/podcast\/#organization","name":"Zverissimo","url":"https:\/\/zverissimo.sk\/podcast\/","logo":{"@type":"ImageObject","inLanguage":"sk-SK","@id":"https:\/\/zverissimo.sk\/podcast\/#\/schema\/logo\/image\/","url":"https:\/\/zverissimo.sk\/podcast\/engine\/wp-content\/uploads\/2022\/07\/zverissimo_logo.svg","contentUrl":"https:\/\/zverissimo.sk\/podcast\/engine\/wp-content\/uploads\/2022\/07\/zverissimo_logo.svg","width":240,"height":35,"caption":"Zverissimo"},"image":{"@id":"https:\/\/zverissimo.sk\/podcast\/#\/schema\/logo\/image\/"},"sameAs":["https:\/\/www.instagram.com\/zverissimo_podcast\/","https:\/\/www.facebook.com\/zverissimo"]},{"@type":"Person","@id":"https:\/\/zverissimo.sk\/podcast\/#\/schema\/person\/e026fb09405def5321ad2f9b70a2a0d1","name":"Zverissimo"}]}},"_links":{"self":[{"href":"https:\/\/zverissimo.sk\/podcast\/wp-json\/wp\/v2\/posts\/837"}],"collection":[{"href":"https:\/\/zverissimo.sk\/podcast\/wp-json\/wp\/v2\/posts"}],"about":[{"href":"https:\/\/zverissimo.sk\/podcast\/wp-json\/wp\/v2\/types\/post"}],"author":[{"embeddable":true,"href":"https:\/\/zverissimo.sk\/podcast\/wp-json\/wp\/v2\/users\/2"}],"replies":[{"embeddable":true,"href":"https:\/\/zverissimo.sk\/podcast\/wp-json\/wp\/v2\/comments?post=837"}],"version-history":[{"count":2,"href":"https:\/\/zverissimo.sk\/podcast\/wp-json\/wp\/v2\/posts\/837\/revisions"}],"predecessor-version":[{"id":840,"href":"https:\/\/zverissimo.sk\/podcast\/wp-json\/wp\/v2\/posts\/837\/revisions\/840"}],"wp:featuredmedia":[{"embeddable":true,"href":"https:\/\/zverissimo.sk\/podcast\/wp-json\/wp\/v2\/media\/838"}],"wp:attachment":[{"href":"https:\/\/zverissimo.sk\/podcast\/wp-json\/wp\/v2\/media?parent=837"}],"wp:term":[{"taxonomy":"category","embeddable":true,"href":"https:\/\/zverissimo.sk\/podcast\/wp-json\/wp\/v2\/categories?post=837"},{"taxonomy":"post_tag","embeddable":true,"href":"https:\/\/zverissimo.sk\/podcast\/wp-json\/wp\/v2\/tags?post=837"}],"curies":[{"name":"wp","href":"https:\/\/api.w.org\/{rel}","templated":true}]}}