{"id":824,"date":"2024-02-14T15:51:43","date_gmt":"2024-02-14T14:51:43","guid":{"rendered":"https:\/\/zverissimo.sk\/podcast\/?p=824"},"modified":"2024-12-16T16:24:03","modified_gmt":"2024-12-16T15:24:03","slug":"dokonali-s-nedokonalostami-ako-ziju-stvornozci-ktori-prekonali-viac-nez-by-sme-cakali","status":"publish","type":"post","link":"https:\/\/zverissimo.sk\/podcast\/dokonali-s-nedokonalostami-ako-ziju-stvornozci-ktori-prekonali-viac-nez-by-sme-cakali\/","title":{"rendered":"Dokonal\u00ed s nedokonalos\u0165ami: Ako \u017eij\u00fa \u0161tvorno\u017eci, ktor\u00ed prekonali viac, ne\u017e by sme \u010dakali"},"content":{"rendered":"<h2>In\u0161pir\u00e1cia, ktor\u00e1 men\u00ed poh\u013ead na \u017eivot so zvieratami<\/h2>\n<p>Predstavte si svet, kde hendikep pre zvierat\u00e1 neznamen\u00e1 koniec, ale nov\u00fd za\u010diatok. V epiz\u00f3de podcastu <strong>Zverissimo<\/strong> s n\u00e1zvom <strong>Dokonal\u00ed s nedokonalos\u0165ami<\/strong> sa moder\u00e1tor <strong>Jano Dobr\u00edk<\/strong> rozpr\u00e1val s dvomi v\u00fdnimo\u010dn\u00fdmi \u017eenami \u2013 <strong>Jankou \u0160tiglicovou a Alexandrou Sa\u0161kou Beren\u010di<\/strong>, ktor\u00e9 zasv\u00e4tili svoje \u017eivoty z\u00e1chrane a starostlivosti o zvierat\u00e1 s postihnutiami. Ako Janka povedala: \u201eHendikepy m\u00e1me my \u013eudia v hlave. Zvierat\u00e1 ich nevn\u00edmaj\u00fa.\u201c<\/p>\n<h2>\u017divot so \u0161tvorno\u017ecami s hendikepom: Prisp\u00f4sobenie, nie \u013e\u00fatos\u0165<\/h2>\n<h3>\nNaj\u010dastej\u0161ie hendikepy zvierat<\/h3>\n<p>Zvierat\u00e1, ktor\u00e9 Janka zachra\u0148uje, \u010delia \u0161irok\u00e9mu spektru postihnut\u00ed:<\/p>\n<ul>\n<li><strong>Ochrnutie:<\/strong> Najm\u00e4 po \u00farazoch alebo z d\u00f4vodu zanedbanej starostlivosti.<\/li>\n<li><strong>Amput\u00e1cia:<\/strong> Po zraneniach alebo nelie\u010den\u00fdch zlomenin\u00e1ch.<\/li>\n<li><strong>Strata zraku a sluchu:<\/strong> \u010ci u\u017e vroden\u00e1, alebo z\u00edskan\u00e1 vekom.<\/li>\n<\/ul>\n<p>\u201eZvierat\u00e1 svoje hendikepy nerie\u0161ia. Prisp\u00f4sobia sa situ\u00e1cii a \u017eij\u00fa \u010falej. My, dvojno\u017eci, sa mus\u00edme nau\u010di\u0165 ich podpori\u0165,\u201c vysvet\u013euje Janka.<\/p>\n<p><strong>Tip:<\/strong> Ak m\u00e1te doma hendikepovan\u00e9ho \u0161tvorno\u017eca, vytvorte pre neho bezpe\u010dn\u00e9 prostredie \u2013 napr\u00edklad zamedzte pr\u00edstup na schody a pom\u00f4\u017ete mu so zvykan\u00edm na nov\u00fd priestor.<\/p>\n<h2>Ako vyzer\u00e1 de\u0148 s 20 \u0161tvorno\u017ecami?<\/h2>\n<p>Jankin de\u0148 je nekone\u010dn\u00fdm koloto\u010dom starostlivosti. Za\u010d\u00edna odplienkovan\u00edm ochrnut\u00fdch ps\u00edkov, k\u0155men\u00edm a cvi\u010den\u00edm. Ka\u017ed\u00fd \u0161tvorno\u017eec m\u00e1 svoje \u0161pecifick\u00e9 potreby \u2013 od rehabilit\u00e1cie po individu\u00e1lne ven\u010denie. A to v\u0161etko Janka zvl\u00e1da s l\u00e1skou a \u00fasmevom. \u201eNie je to povinnos\u0165, ale s\u00fa\u010das\u0165 m\u00f4jho \u017eivota,\u201c dod\u00e1va.<\/p>\n<p><strong>Tip:<\/strong> Zv\u00e1\u017ete adopciu hendikepovan\u00e9ho zvieratka. Ako hovor\u00ed Janka: \u201eKe\u010f od n\u00e1s ps\u00edk od\u00edde do nov\u00e9ho domova, je to sm\u00fatok, ale aj rados\u0165, \u017ee dostal \u0161ancu na lep\u0161\u00ed \u017eivot.\u201c<\/p>\n<h2>Pr\u00edbehy, ktor\u00e9 zahrej\u00fa pri srdci<\/h2>\n<h3>\nZarina: Pes, ktor\u00fd pom\u00e1ha psom<\/h3>\n<p>Jedn\u00fdm z najin\u0161pirat\u00edvnej\u0161\u00edch pr\u00edbehov je Zarina, bull typ su\u010dky, ktor\u00e1 sama prekonala zdravotn\u00e9 aj psychick\u00e9 probl\u00e9my. Dnes je l\u00eddrom Jankinej svorky, pom\u00e1ha slep\u00fdm psom zvykn\u00fa\u0165 si na nov\u00e9 prostredie a priv\u00e1dza nov\u00fdch \u0161tvorno\u017ecov do pohody. \u201eOna je ten najlep\u0161\u00ed sprievodca a terapeut, ak\u00e9ho si viem predstavi\u0165,\u201c hovor\u00ed Janka.<\/p>\n<h3>\nKuko: Neoby\u010dajn\u00e9 \u0161te\u0148a<\/h3>\n<p>Alexandra sa delila o pr\u00edbeh Kuka, Cane Corso ps\u00edka s kombin\u00e1ciou fyzick\u00fdch a psychick\u00fdch probl\u00e9mov. Napriek tomu, \u017ee jeho \u017eivot bol kr\u00e1tky, svojou odvahou a l\u00e1skou obohatil v\u0161etk\u00fdch, ktor\u00ed sa o neho starali. \u201eOn bol d\u00f4kazom, \u017ee aj napriek hendikepu m\u00f4\u017ee by\u0165 \u017eivot kr\u00e1sny,\u201c spom\u00edna Alexandra.<\/p>\n<h2>Praktick\u00e9 tipy pre dvojno\u017ecov<\/h2>\n<h3>\nAmput\u00e1cia:<\/h3>\n<ul>\n<li>Po oper\u00e1cii dbajte na k\u013eudov\u00fd re\u017eim.<\/li>\n<li>Nau\u010dte sa, ako spr\u00e1vne manipulova\u0165 s postihnut\u00fdm miestom.<\/li>\n<li>Dovo\u013ete zviera\u0165u objavi\u0165 nov\u00e9 sp\u00f4soby pohybu \u2013 \u010dasto v\u00e1s prekvap\u00ed svojou schopnos\u0165ou adapt\u00e1cie.<\/li>\n<\/ul>\n<h3>\nStrata zraku alebo sluchu:<\/h3>\n<ul>\n<li>Slep\u00e9 psy sa spoliehaj\u00fa na \u010duch a sluch \u2013 neust\u00e1le komunikujte cez povely alebo dotyky.<\/li>\n<li>Hluch\u00e9 psy sa m\u00f4\u017eu nau\u010di\u0165 posunky, \u010do im umo\u017en\u00ed c\u00edti\u0165 sa bezpe\u010dne.<\/li>\n<\/ul>\n<p><strong>Tip:<\/strong> Vysk\u00fa\u0161ajte senzorick\u00e9 pom\u00f4cky, ako napr\u00edklad \u201esv\u00e4to\u017eiaru\u201c pre slep\u00e9 psy, ktor\u00e1 zabr\u00e1ni nar\u00e1\u017eaniu do prek\u00e1\u017eok.<\/p>\n<h2>Pre\u010do to rob\u00edme? L\u00e1ska a zmysel \u017eivota<\/h2>\n<p>Janka a Alexandra maj\u00fa jasn\u00fa v\u00edziu: vytvori\u0165 azyl pre v\u0161etky druhy hendikepovan\u00fdch zvierat. Ich pr\u00e1ca nie je len o z\u00e1chrane, ale aj o uk\u00e1zan\u00ed \u013eu\u010fom, \u017ee ka\u017ed\u00e9 zviera si zasl\u00fa\u017ei \u0161ancu na d\u00f4stojn\u00fd \u017eivot.<br \/>\n\u201eKa\u017ed\u00fd jeden \u017eivot m\u00e1 hodnotu, \u010di je to pes, ma\u010dka, alebo hospod\u00e1rske zviera,\u201c uzatv\u00e1ra Janka.<\/p>\n<h2>Pom\u00f4\u017ete aj vy<\/h2>\n<p>Ak v\u00e1s in\u0161piroval pr\u00edbeh t\u00fdchto dvoch \u017eien a ich \u0161tvorno\u017ecov, zamyslite sa nad mo\u017enos\u0165ou pomoci. \u010ci u\u017e adopciou, do\u010dasnou opaterou, alebo finan\u010dn\u00fdm pr\u00edspevkom na ich Facebook str\u00e1nke <a href=\"https:\/\/www.facebook.com\/profile.php?id=100076406586229\"><strong>Zverokruh<\/strong><\/a>, ka\u017ed\u00fd v\u00e1\u0161 krok m\u00f4\u017ee zmeni\u0165 \u017eivot.<\/p>\n<p><strong>Zvedav\u00ed na viac?<\/strong> <a href=\"https:\/\/zverissimo.sk\/podcast\/epizoda\/s02e11-dokonali-s-nedokonalostami\/\"><strong>Vypo\u010dujte si cel\u00fa epiz\u00f3du podcastu Zverissimo<\/strong><\/a> a zistite, ako m\u00f4\u017eete pom\u00f4c\u0165 aj vy. Sledujte n\u00e1s na Instagrame, Facebooku a YouTube. A \u010do vy? M\u00e1te doma dokonal\u00e9ho \u0161tvorno\u017eca s nedokonalos\u0165ami? Pode\u013ete sa o jeho pr\u00edbeh v koment\u00e1roch!<\/p>\n","protected":false},"excerpt":{"rendered":"<p>Regular text in vel diam ultrices, aliquam orci ut, sodales augue. Etiam ex magna, elementum non diam eget, aliquam dictum sapien.<\/p>\n","protected":false},"author":2,"featured_media":825,"comment_status":"closed","ping_status":"closed","sticky":false,"template":"","format":"standard","meta":{"inline_featured_image":false},"categories":[10,13],"tags":[12,11,56,44,47,15,35],"acf":[],"yoast_head":"<title>Dokonal\u00ed s nedokonalos\u0165ami: Ako \u017eij\u00fa \u0161tvorno\u017eci, ktor\u00ed prekonali viac, ne\u017e by sme \u010dakali - Zverissimo<\/title>\n<meta name=\"description\" content=\"Rozhovor s Jankou \u0160tiglicovou a Alexandrou Sa\u0161kou Beren\u010di, ktor\u00e9 zasv\u00e4tili svoje \u017eivoty z\u00e1chrane a starostlivosti o zvierat\u00e1 s postihnutiami.\" \/>\n<meta name=\"robots\" content=\"index, follow, max-snippet:-1, max-image-preview:large, max-video-preview:-1\" \/>\n<link rel=\"canonical\" href=\"https:\/\/zverissimo.sk\/podcast\/dokonali-s-nedokonalostami-ako-ziju-stvornozci-ktori-prekonali-viac-nez-by-sme-cakali\/\" \/>\n<meta property=\"og:locale\" content=\"sk_SK\" \/>\n<meta property=\"og:type\" content=\"article\" \/>\n<meta property=\"og:title\" content=\"Dokonal\u00ed s nedokonalos\u0165ami: Ako \u017eij\u00fa \u0161tvorno\u017eci, ktor\u00ed prekonali viac, ne\u017e by sme \u010dakali - Zverissimo\" \/>\n<meta property=\"og:description\" content=\"Rozhovor s Jankou \u0160tiglicovou a Alexandrou Sa\u0161kou Beren\u010di, ktor\u00e9 zasv\u00e4tili svoje \u017eivoty z\u00e1chrane a starostlivosti o zvierat\u00e1 s postihnutiami.\" \/>\n<meta property=\"og:url\" content=\"https:\/\/zverissimo.sk\/podcast\/dokonali-s-nedokonalostami-ako-ziju-stvornozci-ktori-prekonali-viac-nez-by-sme-cakali\/\" \/>\n<meta property=\"og:site_name\" content=\"Zverissimo\" \/>\n<meta property=\"article:publisher\" content=\"https:\/\/www.facebook.com\/zverissimo\" \/>\n<meta property=\"article:published_time\" content=\"2024-02-14T14:51:43+00:00\" \/>\n<meta property=\"article:modified_time\" content=\"2024-12-16T15:24:03+00:00\" \/>\n<meta property=\"og:image\" content=\"https:\/\/zverissimo.sk\/podcast\/engine\/wp-content\/uploads\/2024\/12\/s02-e11-vypis.png\" \/>\n\t<meta property=\"og:image:width\" content=\"1170\" \/>\n\t<meta property=\"og:image:height\" content=\"658\" \/>\n\t<meta property=\"og:image:type\" content=\"image\/png\" \/>\n<meta name=\"author\" content=\"Zverissimo\" \/>\n<meta name=\"twitter:card\" content=\"summary_large_image\" \/>\n<meta name=\"twitter:label1\" content=\"Autor\" \/>\n\t<meta name=\"twitter:data1\" content=\"Zverissimo\" \/>\n\t<meta name=\"twitter:label2\" content=\"Predpokladan\u00fd \u010das \u010d\u00edtania\" \/>\n\t<meta name=\"twitter:data2\" content=\"3 min\u00faty\" \/>\n<script type=\"application\/ld+json\" class=\"yoast-schema-graph\">{\"@context\":\"https:\/\/schema.org\",\"@graph\":[{\"@type\":\"Article\",\"@id\":\"https:\/\/zverissimo.sk\/podcast\/dokonali-s-nedokonalostami-ako-ziju-stvornozci-ktori-prekonali-viac-nez-by-sme-cakali\/#article\",\"isPartOf\":{\"@id\":\"https:\/\/zverissimo.sk\/podcast\/dokonali-s-nedokonalostami-ako-ziju-stvornozci-ktori-prekonali-viac-nez-by-sme-cakali\/\"},\"author\":{\"name\":\"Zverissimo\",\"@id\":\"https:\/\/zverissimo.sk\/podcast\/#\/schema\/person\/e026fb09405def5321ad2f9b70a2a0d1\"},\"headline\":\"Dokonal\u00ed s nedokonalos\u0165ami: Ako \u017eij\u00fa \u0161tvorno\u017eci, ktor\u00ed prekonali viac, ne\u017e by sme \u010dakali\",\"datePublished\":\"2024-02-14T14:51:43+00:00\",\"dateModified\":\"2024-12-16T15:24:03+00:00\",\"mainEntityOfPage\":{\"@id\":\"https:\/\/zverissimo.sk\/podcast\/dokonali-s-nedokonalostami-ako-ziju-stvornozci-ktori-prekonali-viac-nez-by-sme-cakali\/\"},\"wordCount\":739,\"publisher\":{\"@id\":\"https:\/\/zverissimo.sk\/podcast\/#organization\"},\"keywords\":[\"ma\u010dky\",\"psy\",\"starostlivos\u0165\",\"tipy a rady\",\"\u00fatulok\",\"zdravie zvierat\",\"zvieracia terapia\"],\"articleSection\":[\"\u010cl\u00e1nky\",\"Rady\"],\"inLanguage\":\"sk-SK\"},{\"@type\":\"WebPage\",\"@id\":\"https:\/\/zverissimo.sk\/podcast\/dokonali-s-nedokonalostami-ako-ziju-stvornozci-ktori-prekonali-viac-nez-by-sme-cakali\/\",\"url\":\"https:\/\/zverissimo.sk\/podcast\/dokonali-s-nedokonalostami-ako-ziju-stvornozci-ktori-prekonali-viac-nez-by-sme-cakali\/\",\"name\":\"Dokonal\u00ed s nedokonalos\u0165ami: Ako \u017eij\u00fa \u0161tvorno\u017eci, ktor\u00ed prekonali viac, ne\u017e by sme \u010dakali - Zverissimo\",\"isPartOf\":{\"@id\":\"https:\/\/zverissimo.sk\/podcast\/#website\"},\"datePublished\":\"2024-02-14T14:51:43+00:00\",\"dateModified\":\"2024-12-16T15:24:03+00:00\",\"description\":\"Rozhovor s Jankou \u0160tiglicovou a Alexandrou Sa\u0161kou Beren\u010di, ktor\u00e9 zasv\u00e4tili svoje \u017eivoty z\u00e1chrane a starostlivosti o zvierat\u00e1 s postihnutiami.\",\"breadcrumb\":{\"@id\":\"https:\/\/zverissimo.sk\/podcast\/dokonali-s-nedokonalostami-ako-ziju-stvornozci-ktori-prekonali-viac-nez-by-sme-cakali\/#breadcrumb\"},\"inLanguage\":\"sk-SK\",\"potentialAction\":[{\"@type\":\"ReadAction\",\"target\":[\"https:\/\/zverissimo.sk\/podcast\/dokonali-s-nedokonalostami-ako-ziju-stvornozci-ktori-prekonali-viac-nez-by-sme-cakali\/\"]}]},{\"@type\":\"BreadcrumbList\",\"@id\":\"https:\/\/zverissimo.sk\/podcast\/dokonali-s-nedokonalostami-ako-ziju-stvornozci-ktori-prekonali-viac-nez-by-sme-cakali\/#breadcrumb\",\"itemListElement\":[{\"@type\":\"ListItem\",\"position\":1,\"name\":\"Domovsk\u00e1 str\u00e1nka\",\"item\":\"https:\/\/zverissimo.sk\/podcast\/\"},{\"@type\":\"ListItem\",\"position\":2,\"name\":\"Dokonal\u00ed s nedokonalos\u0165ami: Ako \u017eij\u00fa \u0161tvorno\u017eci, ktor\u00ed prekonali viac, ne\u017e by sme \u010dakali\"}]},{\"@type\":\"WebSite\",\"@id\":\"https:\/\/zverissimo.sk\/podcast\/#website\",\"url\":\"https:\/\/zverissimo.sk\/podcast\/\",\"name\":\"Zverissimo\",\"description\":\"Podcast: Dvojno\u017eci o \u0161tvorno\u017ecoch\",\"publisher\":{\"@id\":\"https:\/\/zverissimo.sk\/podcast\/#organization\"},\"potentialAction\":[{\"@type\":\"SearchAction\",\"target\":{\"@type\":\"EntryPoint\",\"urlTemplate\":\"https:\/\/zverissimo.sk\/podcast\/?s={search_term_string}\"},\"query-input\":\"required name=search_term_string\"}],\"inLanguage\":\"sk-SK\"},{\"@type\":\"Organization\",\"@id\":\"https:\/\/zverissimo.sk\/podcast\/#organization\",\"name\":\"Zverissimo\",\"url\":\"https:\/\/zverissimo.sk\/podcast\/\",\"logo\":{\"@type\":\"ImageObject\",\"inLanguage\":\"sk-SK\",\"@id\":\"https:\/\/zverissimo.sk\/podcast\/#\/schema\/logo\/image\/\",\"url\":\"https:\/\/zverissimo.sk\/podcast\/engine\/wp-content\/uploads\/2022\/07\/zverissimo_logo.svg\",\"contentUrl\":\"https:\/\/zverissimo.sk\/podcast\/engine\/wp-content\/uploads\/2022\/07\/zverissimo_logo.svg\",\"width\":240,\"height\":35,\"caption\":\"Zverissimo\"},\"image\":{\"@id\":\"https:\/\/zverissimo.sk\/podcast\/#\/schema\/logo\/image\/\"},\"sameAs\":[\"https:\/\/www.instagram.com\/zverissimo_podcast\/\",\"https:\/\/www.facebook.com\/zverissimo\"]},{\"@type\":\"Person\",\"@id\":\"https:\/\/zverissimo.sk\/podcast\/#\/schema\/person\/e026fb09405def5321ad2f9b70a2a0d1\",\"name\":\"Zverissimo\"}]}<\/script>","yoast_head_json":{"title":"Dokonal\u00ed s nedokonalos\u0165ami: Ako \u017eij\u00fa \u0161tvorno\u017eci, ktor\u00ed prekonali viac, ne\u017e by sme \u010dakali - Zverissimo","description":"Rozhovor s Jankou \u0160tiglicovou a Alexandrou Sa\u0161kou Beren\u010di, ktor\u00e9 zasv\u00e4tili svoje \u017eivoty z\u00e1chrane a starostlivosti o zvierat\u00e1 s postihnutiami.","robots":{"index":"index","follow":"follow","max-snippet":"max-snippet:-1","max-image-preview":"max-image-preview:large","max-video-preview":"max-video-preview:-1"},"canonical":"https:\/\/zverissimo.sk\/podcast\/dokonali-s-nedokonalostami-ako-ziju-stvornozci-ktori-prekonali-viac-nez-by-sme-cakali\/","og_locale":"sk_SK","og_type":"article","og_title":"Dokonal\u00ed s nedokonalos\u0165ami: Ako \u017eij\u00fa \u0161tvorno\u017eci, ktor\u00ed prekonali viac, ne\u017e by sme \u010dakali - Zverissimo","og_description":"Rozhovor s Jankou \u0160tiglicovou a Alexandrou Sa\u0161kou Beren\u010di, ktor\u00e9 zasv\u00e4tili svoje \u017eivoty z\u00e1chrane a starostlivosti o zvierat\u00e1 s postihnutiami.","og_url":"https:\/\/zverissimo.sk\/podcast\/dokonali-s-nedokonalostami-ako-ziju-stvornozci-ktori-prekonali-viac-nez-by-sme-cakali\/","og_site_name":"Zverissimo","article_publisher":"https:\/\/www.facebook.com\/zverissimo","article_published_time":"2024-02-14T14:51:43+00:00","article_modified_time":"2024-12-16T15:24:03+00:00","og_image":[{"width":1170,"height":658,"url":"https:\/\/zverissimo.sk\/podcast\/engine\/wp-content\/uploads\/2024\/12\/s02-e11-vypis.png","type":"image\/png"}],"author":"Zverissimo","twitter_card":"summary_large_image","twitter_misc":{"Autor":"Zverissimo","Predpokladan\u00fd \u010das \u010d\u00edtania":"3 min\u00faty"},"schema":{"@context":"https:\/\/schema.org","@graph":[{"@type":"Article","@id":"https:\/\/zverissimo.sk\/podcast\/dokonali-s-nedokonalostami-ako-ziju-stvornozci-ktori-prekonali-viac-nez-by-sme-cakali\/#article","isPartOf":{"@id":"https:\/\/zverissimo.sk\/podcast\/dokonali-s-nedokonalostami-ako-ziju-stvornozci-ktori-prekonali-viac-nez-by-sme-cakali\/"},"author":{"name":"Zverissimo","@id":"https:\/\/zverissimo.sk\/podcast\/#\/schema\/person\/e026fb09405def5321ad2f9b70a2a0d1"},"headline":"Dokonal\u00ed s nedokonalos\u0165ami: Ako \u017eij\u00fa \u0161tvorno\u017eci, ktor\u00ed prekonali viac, ne\u017e by sme \u010dakali","datePublished":"2024-02-14T14:51:43+00:00","dateModified":"2024-12-16T15:24:03+00:00","mainEntityOfPage":{"@id":"https:\/\/zverissimo.sk\/podcast\/dokonali-s-nedokonalostami-ako-ziju-stvornozci-ktori-prekonali-viac-nez-by-sme-cakali\/"},"wordCount":739,"publisher":{"@id":"https:\/\/zverissimo.sk\/podcast\/#organization"},"keywords":["ma\u010dky","psy","starostlivos\u0165","tipy a rady","\u00fatulok","zdravie zvierat","zvieracia terapia"],"articleSection":["\u010cl\u00e1nky","Rady"],"inLanguage":"sk-SK"},{"@type":"WebPage","@id":"https:\/\/zverissimo.sk\/podcast\/dokonali-s-nedokonalostami-ako-ziju-stvornozci-ktori-prekonali-viac-nez-by-sme-cakali\/","url":"https:\/\/zverissimo.sk\/podcast\/dokonali-s-nedokonalostami-ako-ziju-stvornozci-ktori-prekonali-viac-nez-by-sme-cakali\/","name":"Dokonal\u00ed s nedokonalos\u0165ami: Ako \u017eij\u00fa \u0161tvorno\u017eci, ktor\u00ed prekonali viac, ne\u017e by sme \u010dakali - Zverissimo","isPartOf":{"@id":"https:\/\/zverissimo.sk\/podcast\/#website"},"datePublished":"2024-02-14T14:51:43+00:00","dateModified":"2024-12-16T15:24:03+00:00","description":"Rozhovor s Jankou \u0160tiglicovou a Alexandrou Sa\u0161kou Beren\u010di, ktor\u00e9 zasv\u00e4tili svoje \u017eivoty z\u00e1chrane a starostlivosti o zvierat\u00e1 s postihnutiami.","breadcrumb":{"@id":"https:\/\/zverissimo.sk\/podcast\/dokonali-s-nedokonalostami-ako-ziju-stvornozci-ktori-prekonali-viac-nez-by-sme-cakali\/#breadcrumb"},"inLanguage":"sk-SK","potentialAction":[{"@type":"ReadAction","target":["https:\/\/zverissimo.sk\/podcast\/dokonali-s-nedokonalostami-ako-ziju-stvornozci-ktori-prekonali-viac-nez-by-sme-cakali\/"]}]},{"@type":"BreadcrumbList","@id":"https:\/\/zverissimo.sk\/podcast\/dokonali-s-nedokonalostami-ako-ziju-stvornozci-ktori-prekonali-viac-nez-by-sme-cakali\/#breadcrumb","itemListElement":[{"@type":"ListItem","position":1,"name":"Domovsk\u00e1 str\u00e1nka","item":"https:\/\/zverissimo.sk\/podcast\/"},{"@type":"ListItem","position":2,"name":"Dokonal\u00ed s nedokonalos\u0165ami: Ako \u017eij\u00fa \u0161tvorno\u017eci, ktor\u00ed prekonali viac, ne\u017e by sme \u010dakali"}]},{"@type":"WebSite","@id":"https:\/\/zverissimo.sk\/podcast\/#website","url":"https:\/\/zverissimo.sk\/podcast\/","name":"Zverissimo","description":"Podcast: Dvojno\u017eci o \u0161tvorno\u017ecoch","publisher":{"@id":"https:\/\/zverissimo.sk\/podcast\/#organization"},"potentialAction":[{"@type":"SearchAction","target":{"@type":"EntryPoint","urlTemplate":"https:\/\/zverissimo.sk\/podcast\/?s={search_term_string}"},"query-input":"required name=search_term_string"}],"inLanguage":"sk-SK"},{"@type":"Organization","@id":"https:\/\/zverissimo.sk\/podcast\/#organization","name":"Zverissimo","url":"https:\/\/zverissimo.sk\/podcast\/","logo":{"@type":"ImageObject","inLanguage":"sk-SK","@id":"https:\/\/zverissimo.sk\/podcast\/#\/schema\/logo\/image\/","url":"https:\/\/zverissimo.sk\/podcast\/engine\/wp-content\/uploads\/2022\/07\/zverissimo_logo.svg","contentUrl":"https:\/\/zverissimo.sk\/podcast\/engine\/wp-content\/uploads\/2022\/07\/zverissimo_logo.svg","width":240,"height":35,"caption":"Zverissimo"},"image":{"@id":"https:\/\/zverissimo.sk\/podcast\/#\/schema\/logo\/image\/"},"sameAs":["https:\/\/www.instagram.com\/zverissimo_podcast\/","https:\/\/www.facebook.com\/zverissimo"]},{"@type":"Person","@id":"https:\/\/zverissimo.sk\/podcast\/#\/schema\/person\/e026fb09405def5321ad2f9b70a2a0d1","name":"Zverissimo"}]}},"_links":{"self":[{"href":"https:\/\/zverissimo.sk\/podcast\/wp-json\/wp\/v2\/posts\/824"}],"collection":[{"href":"https:\/\/zverissimo.sk\/podcast\/wp-json\/wp\/v2\/posts"}],"about":[{"href":"https:\/\/zverissimo.sk\/podcast\/wp-json\/wp\/v2\/types\/post"}],"author":[{"embeddable":true,"href":"https:\/\/zverissimo.sk\/podcast\/wp-json\/wp\/v2\/users\/2"}],"replies":[{"embeddable":true,"href":"https:\/\/zverissimo.sk\/podcast\/wp-json\/wp\/v2\/comments?post=824"}],"version-history":[{"count":2,"href":"https:\/\/zverissimo.sk\/podcast\/wp-json\/wp\/v2\/posts\/824\/revisions"}],"predecessor-version":[{"id":827,"href":"https:\/\/zverissimo.sk\/podcast\/wp-json\/wp\/v2\/posts\/824\/revisions\/827"}],"wp:featuredmedia":[{"embeddable":true,"href":"https:\/\/zverissimo.sk\/podcast\/wp-json\/wp\/v2\/media\/825"}],"wp:attachment":[{"href":"https:\/\/zverissimo.sk\/podcast\/wp-json\/wp\/v2\/media?parent=824"}],"wp:term":[{"taxonomy":"category","embeddable":true,"href":"https:\/\/zverissimo.sk\/podcast\/wp-json\/wp\/v2\/categories?post=824"},{"taxonomy":"post_tag","embeddable":true,"href":"https:\/\/zverissimo.sk\/podcast\/wp-json\/wp\/v2\/tags?post=824"}],"curies":[{"name":"wp","href":"https:\/\/api.w.org\/{rel}","templated":true}]}}