{"id":761,"date":"2023-06-14T11:54:58","date_gmt":"2023-06-14T09:54:58","guid":{"rendered":"https:\/\/zverissimo.sk\/podcast\/?p=761"},"modified":"2024-12-11T12:20:18","modified_gmt":"2024-12-11T11:20:18","slug":"vitaj-doma-ako-privitat-noveho-stvornoheho-clena-rodiny","status":"publish","type":"post","link":"https:\/\/zverissimo.sk\/podcast\/vitaj-doma-ako-privitat-noveho-stvornoheho-clena-rodiny\/","title":{"rendered":"Vitaj doma: Ako priv\u00edta\u0165 nov\u00e9ho \u0161tvornoh\u00e9ho \u010dlena rodiny"},"content":{"rendered":"<p>Podcast <strong>Zverissimo<\/strong> osl\u00e1vil svoje prv\u00e9 narodeniny a pri tejto pr\u00edle\u017eitosti priv\u00edtal Adrianu Valentovi\u010dov\u00fa, \u0161pecialistku na chov pyrenejsk\u00fdch horsk\u00fdch psov. Rozhovor sa s\u00fastredil na t\u00e9mu \u201eVitaj doma,\u201c ktor\u00e1 zah\u0155\u0148a v\u0161etko, \u010do by mal vedie\u0165 bud\u00faci majite\u013e \u0161teniatka, od v\u00fdberu plemena a\u017e po prv\u00e9 dni v novej dom\u00e1cnosti.<\/p>\n<h2>Pyrenejsk\u00fd horsk\u00fd pes: Obrovsk\u00fd medve\u010f s pastierskou du\u0161ou<\/h2>\n<p>Adriana pop\u00edsala pyrenejsk\u00e9ho horsk\u00e9ho psa ako \u201eobrovsk\u00e9ho \u013eadov\u00e9ho medve\u010fa\u201c \u2013 siln\u00e9ho a pokojn\u00e9ho psa s pastierskymi in\u0161tinktmi. Tento p\u00f4vodne franc\u00fazsky pes bol pou\u017e\u00edvan\u00fd na ochranu st\u00e1d, no dnes je st\u00e1le viac ob\u013e\u00faben\u00fd ako rodinn\u00fd mil\u00e1\u010dik. Adriana n\u00e1m predstavila aj svojho druh\u00e9ho ps\u00edka, <strong>Hendrixa<\/strong>, katal\u00e1nskeho ov\u010diaka, prv\u00e9ho jedinca tohto plemena na Slovensku.<\/p>\n<h2>Ako si vybra\u0165 spr\u00e1vne plemeno?<\/h2>\n<p>Adriana zd\u00f4raz\u0148uje, \u017ee v\u00fdber psa by mal z\u00e1visie\u0165 od \u017eivotn\u00e9ho \u0161t\u00fdlu a mo\u017enost\u00ed majite\u013ea. <strong>\u201eAk m\u00e1te ve\u013ek\u00fd pozemok, m\u00f4\u017eete si vybra\u0165 v\u00e4\u010d\u0161ie plemeno. Ak b\u00fdvate v byte, siahnite po men\u0161om psovi,\u201c<\/strong> rad\u00ed. D\u00f4le\u017eit\u00e9 je zv\u00e1\u017ei\u0165, \u010di dok\u00e1\u017eete ps\u00edkovi zabezpe\u010di\u0165 dostatok aktivity, aby sa nenudil.<\/p>\n<h2>\u00datulok, chovate\u013e alebo in\u00fd zdroj?<\/h2>\n<p>Ke\u010f sa rozhodujete o plemene, Adriana odpor\u00fa\u010da:<\/p>\n<ul>\n<li><strong>\u0160pecifick\u00e9 plemeno:<\/strong> Kontaktujte d\u00f4veryhodn\u00e9ho chovate\u013ea s registrovan\u00fdmi \u0161teniatkami.<\/li>\n<li><strong>Kr\u00ed\u017eenec:<\/strong> Nav\u0161t\u00edvte \u00fatulok a vyberte si par\u0165\u00e1ka pod\u013ea svojich predst\u00e1v.<\/li>\n<\/ul>\n<p>Ako sk\u00fasen\u00e1 chovate\u013eka Adriana kladie ve\u013ek\u00fd d\u00f4raz na v\u00fdber spr\u00e1vnych majite\u013eov pre svoje \u0161teniatka. <strong>\u201eNie ka\u017ed\u00fd je vhodn\u00fd pre toto plemeno,\u201c<\/strong> hovor\u00ed. Ka\u017ed\u00e9ho z\u00e1ujemcu podrob\u00ed rozhovoru a d\u00f4kladne si over\u00ed jeho podmienky.<\/p>\n<h2>Pr\u00edprava na pr\u00edchod \u0161teniatka<\/h2>\n<p>Adriana rad\u00ed nov\u00fdm majite\u013eom venova\u0165 prv\u00e9 dni po pr\u00edchode \u0161teniatka dostatok \u010dasu na zozn\u00e1menie a adapt\u00e1ciu. <strong>\u201e\u0160teniatko ide z prostredia, kde \u017eilo so svorkou. Zrazu je v novom prostred\u00ed, kde sa mus\u00ed zorientova\u0165 a zvykn\u00fa\u0165 si na nov\u00fa rodinu,\u201c<\/strong> vysvet\u013euje.<\/p>\n<p><strong>Praktick\u00e9 rady:<\/strong><\/p>\n<ol>\n<li><strong>Pripravte si domov:<\/strong> Misky, krmivo, pelech, hra\u010dky a bezpe\u010dn\u00fd priestor.<\/li>\n<li><strong>Vezmite si dovolenku:<\/strong> Aspo\u0148 prv\u00e9 tri dni bu\u010fte so \u0161teniatkom.<\/li>\n<li><strong>Bu\u010fte trpezliv\u00ed:<\/strong> \u0160teniatko m\u00f4\u017ee by\u0165 vystra\u0161en\u00e9, trv\u00e1 mu, k\u00fdm si zvykne.<\/li>\n<\/ol>\n<h2>V\u00fdchova a v\u00fdcvik pyrenejsk\u00e9ho horsk\u00e9ho psa<\/h2>\n<p>Pyrenejsk\u00fd horsk\u00fd pes sa necvi\u010d\u00ed, ale <strong>vychov\u00e1va<\/strong>. Pod\u013ea Adriany s\u00fa tieto psy prirodzene nez\u00e1visl\u00e9 a potrebuj\u00fa re\u0161pektuj\u00faci pr\u00edstup. <strong>\u201eAk na ne budete kri\u010da\u0165 alebo ich n\u00fati\u0165, strat\u00edte ich d\u00f4veru,\u201c<\/strong> upozor\u0148uje. Na rozdiel od plemien ako nemeck\u00fd ov\u010diak pyrenejsk\u00fd pes nereaguje na tradi\u010dn\u00fd v\u00fdcvik na cvi\u010d\u00e1ku, no pri spr\u00e1vnej v\u00fdchove m\u00f4\u017ee by\u0165 skvel\u00fdm a poslu\u0161n\u00fdm spolo\u010dn\u00edkom.<\/p>\n<h2>Naj\u010dastej\u0161ie ot\u00e1zky bud\u00facich majite\u013eov<\/h2>\n<p>Adriana sa podelila o nieko\u013eko zauj\u00edmav\u00fdch ot\u00e1zok, ktor\u00e9 dost\u00e1va od z\u00e1ujemcov o \u0161teniatka. Najviac bizarn\u00e1? <strong>\u201eBude vadi\u0165, ak m\u00f4j syn bude \u0161te\u0148a \u0161krti\u0165?\u201c<\/strong> Jej odpove\u010f bola jasn\u00e1 \u2013 tak\u00fdto majite\u013e ur\u010dite nie je vhodn\u00fd.<\/p>\n<h2>Chovate\u013esk\u00e1 prax a etika<\/h2>\n<p>Adriana zd\u00f4raz\u0148uje, \u017ee chov psov by nikdy nemal by\u0165 o zisku. <strong>\u201eChova\u0165 pre peniaze je nezmysel. Kvalitn\u00fd chov pokr\u00fdva n\u00e1klady na starostlivos\u0165 o psy a ni\u010d viac,\u201c<\/strong> hovor\u00ed. Sama si starostlivo vyber\u00e1 nov\u00fdch majite\u013eov a v\u0161etky peniaze investuje do svojich psov a chovate\u013esk\u00fdch potrieb.<\/p>\n<h2>Adrianine \u00faspechy a v\u00fdstavy<\/h2>\n<p>Adriana a jej psy maj\u00fa za sebou mnoho v\u00fdstavn\u00fdch \u00faspechov. <strong>\u201eNajviac ma te\u0161\u00ed sp\u00e4tn\u00e1 v\u00e4zba od rozhodcov a mo\u017enos\u0165 stretn\u00fa\u0165 sa s priate\u013emi z komunity,\u201c<\/strong> dod\u00e1va.<\/p>\n<h2>Leto s pyrenejcami<\/h2>\n<p>Leto je pre tieto ve\u013ek\u00e9 psy \u010dasom oddychu. <strong>\u201eS\u00fa to hu\u0148at\u00ed psi, ktor\u00ed si v lete n\u00e1jdu miesto na chladenie a ve\u013ea nevystr\u00e1jaj\u00fa,\u201c<\/strong> hovor\u00ed Adriana. Pl\u00e1nuj\u00fa len p\u00e1r v\u00fdstav a ve\u013ea relaxu.<\/p>\n<p>Adriana Valentovi\u010dov\u00e1 pon\u00fakla cenn\u00e9 rady pre ka\u017ed\u00e9ho, kto uva\u017euje o novom ps\u00edkovi, \u010di u\u017e ide o obrovsk\u00e9ho pyrenejsk\u00e9ho horsk\u00e9ho psa alebo in\u00e9 plemeno. Jej pr\u00edstup k chovu je uk\u00e1\u017ekou etiky, l\u00e1sky a re\u0161pektu k zvierat\u00e1m.<\/p>\n<p><strong>\u201ePes nie je len dom\u00e1ci mil\u00e1\u010dik, je to \u010dlen rodiny. Zodpovednos\u0165 za jeho \u0161\u0165astie a zdravie le\u017e\u00ed na n\u00e1s,\u201c<\/strong> uzatv\u00e1ra Adriana. Ak uva\u017eujete o \u0161teniatku, ria\u010fte sa t\u00fdmito radami a zabezpe\u010dte, aby sa v\u00e1\u0161 nov\u00fd \u0161tvornoh\u00fd \u010dlen c\u00edtil skuto\u010dne doma.<\/p>\n","protected":false},"excerpt":{"rendered":"<p>Regular text in vel diam ultrices, aliquam orci ut, sodales augue. Etiam ex magna, elementum non diam eget, aliquam dictum sapien.<\/p>\n","protected":false},"author":2,"featured_media":762,"comment_status":"closed","ping_status":"closed","sticky":false,"template":"","format":"standard","meta":{"inline_featured_image":false},"categories":[10,13],"tags":[11,44,34],"acf":[],"yoast_head":"<title>Vitaj doma: Ako priv\u00edta\u0165 nov\u00e9ho \u0161tvornoh\u00e9ho \u010dlena rodiny - Zverissimo<\/title>\n<meta name=\"description\" content=\"Rozhovor zah\u0155\u0148a v\u0161etko, \u010do by mal vedie\u0165 bud\u00faci majite\u013e \u0161teniatka, od v\u00fdberu plemena a\u017e po prv\u00e9 dni v novej dom\u00e1cnosti.\" \/>\n<meta name=\"robots\" content=\"index, follow, max-snippet:-1, max-image-preview:large, max-video-preview:-1\" \/>\n<link rel=\"canonical\" href=\"https:\/\/zverissimo.sk\/podcast\/vitaj-doma-ako-privitat-noveho-stvornoheho-clena-rodiny\/\" \/>\n<meta property=\"og:locale\" content=\"sk_SK\" \/>\n<meta property=\"og:type\" content=\"article\" \/>\n<meta property=\"og:title\" content=\"Vitaj doma: Ako priv\u00edta\u0165 nov\u00e9ho \u0161tvornoh\u00e9ho \u010dlena rodiny - Zverissimo\" \/>\n<meta property=\"og:description\" content=\"Rozhovor zah\u0155\u0148a v\u0161etko, \u010do by mal vedie\u0165 bud\u00faci majite\u013e \u0161teniatka, od v\u00fdberu plemena a\u017e po prv\u00e9 dni v novej dom\u00e1cnosti.\" \/>\n<meta property=\"og:url\" content=\"https:\/\/zverissimo.sk\/podcast\/vitaj-doma-ako-privitat-noveho-stvornoheho-clena-rodiny\/\" \/>\n<meta property=\"og:site_name\" content=\"Zverissimo\" \/>\n<meta property=\"article:publisher\" content=\"https:\/\/www.facebook.com\/zverissimo\" \/>\n<meta property=\"article:published_time\" content=\"2023-06-14T09:54:58+00:00\" \/>\n<meta property=\"article:modified_time\" content=\"2024-12-11T11:20:18+00:00\" \/>\n<meta property=\"og:image\" content=\"https:\/\/zverissimo.sk\/podcast\/engine\/wp-content\/uploads\/2024\/12\/s01-e27-vypis.png\" \/>\n\t<meta property=\"og:image:width\" content=\"1170\" \/>\n\t<meta property=\"og:image:height\" content=\"658\" \/>\n\t<meta property=\"og:image:type\" content=\"image\/png\" \/>\n<meta name=\"author\" content=\"Zverissimo\" \/>\n<meta name=\"twitter:card\" content=\"summary_large_image\" \/>\n<meta name=\"twitter:label1\" content=\"Autor\" \/>\n\t<meta name=\"twitter:data1\" content=\"Zverissimo\" \/>\n\t<meta name=\"twitter:label2\" content=\"Predpokladan\u00fd \u010das \u010d\u00edtania\" \/>\n\t<meta name=\"twitter:data2\" content=\"4 min\u00faty\" \/>\n<script type=\"application\/ld+json\" class=\"yoast-schema-graph\">{\"@context\":\"https:\/\/schema.org\",\"@graph\":[{\"@type\":\"Article\",\"@id\":\"https:\/\/zverissimo.sk\/podcast\/vitaj-doma-ako-privitat-noveho-stvornoheho-clena-rodiny\/#article\",\"isPartOf\":{\"@id\":\"https:\/\/zverissimo.sk\/podcast\/vitaj-doma-ako-privitat-noveho-stvornoheho-clena-rodiny\/\"},\"author\":{\"name\":\"Zverissimo\",\"@id\":\"https:\/\/zverissimo.sk\/podcast\/#\/schema\/person\/e026fb09405def5321ad2f9b70a2a0d1\"},\"headline\":\"Vitaj doma: Ako priv\u00edta\u0165 nov\u00e9ho \u0161tvornoh\u00e9ho \u010dlena rodiny\",\"datePublished\":\"2023-06-14T09:54:58+00:00\",\"dateModified\":\"2024-12-11T11:20:18+00:00\",\"mainEntityOfPage\":{\"@id\":\"https:\/\/zverissimo.sk\/podcast\/vitaj-doma-ako-privitat-noveho-stvornoheho-clena-rodiny\/\"},\"wordCount\":778,\"publisher\":{\"@id\":\"https:\/\/zverissimo.sk\/podcast\/#organization\"},\"keywords\":[\"psy\",\"tipy a rady\",\"v\u00fdcvik psov\"],\"articleSection\":[\"\u010cl\u00e1nky\",\"Rady\"],\"inLanguage\":\"sk-SK\"},{\"@type\":\"WebPage\",\"@id\":\"https:\/\/zverissimo.sk\/podcast\/vitaj-doma-ako-privitat-noveho-stvornoheho-clena-rodiny\/\",\"url\":\"https:\/\/zverissimo.sk\/podcast\/vitaj-doma-ako-privitat-noveho-stvornoheho-clena-rodiny\/\",\"name\":\"Vitaj doma: Ako priv\u00edta\u0165 nov\u00e9ho \u0161tvornoh\u00e9ho \u010dlena rodiny - Zverissimo\",\"isPartOf\":{\"@id\":\"https:\/\/zverissimo.sk\/podcast\/#website\"},\"datePublished\":\"2023-06-14T09:54:58+00:00\",\"dateModified\":\"2024-12-11T11:20:18+00:00\",\"description\":\"Rozhovor zah\u0155\u0148a v\u0161etko, \u010do by mal vedie\u0165 bud\u00faci majite\u013e \u0161teniatka, od v\u00fdberu plemena a\u017e po prv\u00e9 dni v novej dom\u00e1cnosti.\",\"breadcrumb\":{\"@id\":\"https:\/\/zverissimo.sk\/podcast\/vitaj-doma-ako-privitat-noveho-stvornoheho-clena-rodiny\/#breadcrumb\"},\"inLanguage\":\"sk-SK\",\"potentialAction\":[{\"@type\":\"ReadAction\",\"target\":[\"https:\/\/zverissimo.sk\/podcast\/vitaj-doma-ako-privitat-noveho-stvornoheho-clena-rodiny\/\"]}]},{\"@type\":\"BreadcrumbList\",\"@id\":\"https:\/\/zverissimo.sk\/podcast\/vitaj-doma-ako-privitat-noveho-stvornoheho-clena-rodiny\/#breadcrumb\",\"itemListElement\":[{\"@type\":\"ListItem\",\"position\":1,\"name\":\"Domovsk\u00e1 str\u00e1nka\",\"item\":\"https:\/\/zverissimo.sk\/podcast\/\"},{\"@type\":\"ListItem\",\"position\":2,\"name\":\"Vitaj doma: Ako priv\u00edta\u0165 nov\u00e9ho \u0161tvornoh\u00e9ho \u010dlena rodiny\"}]},{\"@type\":\"WebSite\",\"@id\":\"https:\/\/zverissimo.sk\/podcast\/#website\",\"url\":\"https:\/\/zverissimo.sk\/podcast\/\",\"name\":\"Zverissimo\",\"description\":\"Podcast: Dvojno\u017eci o \u0161tvorno\u017ecoch\",\"publisher\":{\"@id\":\"https:\/\/zverissimo.sk\/podcast\/#organization\"},\"potentialAction\":[{\"@type\":\"SearchAction\",\"target\":{\"@type\":\"EntryPoint\",\"urlTemplate\":\"https:\/\/zverissimo.sk\/podcast\/?s={search_term_string}\"},\"query-input\":\"required name=search_term_string\"}],\"inLanguage\":\"sk-SK\"},{\"@type\":\"Organization\",\"@id\":\"https:\/\/zverissimo.sk\/podcast\/#organization\",\"name\":\"Zverissimo\",\"url\":\"https:\/\/zverissimo.sk\/podcast\/\",\"logo\":{\"@type\":\"ImageObject\",\"inLanguage\":\"sk-SK\",\"@id\":\"https:\/\/zverissimo.sk\/podcast\/#\/schema\/logo\/image\/\",\"url\":\"https:\/\/zverissimo.sk\/podcast\/engine\/wp-content\/uploads\/2022\/07\/zverissimo_logo.svg\",\"contentUrl\":\"https:\/\/zverissimo.sk\/podcast\/engine\/wp-content\/uploads\/2022\/07\/zverissimo_logo.svg\",\"width\":240,\"height\":35,\"caption\":\"Zverissimo\"},\"image\":{\"@id\":\"https:\/\/zverissimo.sk\/podcast\/#\/schema\/logo\/image\/\"},\"sameAs\":[\"https:\/\/www.instagram.com\/zverissimo_podcast\/\",\"https:\/\/www.facebook.com\/zverissimo\"]},{\"@type\":\"Person\",\"@id\":\"https:\/\/zverissimo.sk\/podcast\/#\/schema\/person\/e026fb09405def5321ad2f9b70a2a0d1\",\"name\":\"Zverissimo\"}]}<\/script>","yoast_head_json":{"title":"Vitaj doma: Ako priv\u00edta\u0165 nov\u00e9ho \u0161tvornoh\u00e9ho \u010dlena rodiny - Zverissimo","description":"Rozhovor zah\u0155\u0148a v\u0161etko, \u010do by mal vedie\u0165 bud\u00faci majite\u013e \u0161teniatka, od v\u00fdberu plemena a\u017e po prv\u00e9 dni v novej dom\u00e1cnosti.","robots":{"index":"index","follow":"follow","max-snippet":"max-snippet:-1","max-image-preview":"max-image-preview:large","max-video-preview":"max-video-preview:-1"},"canonical":"https:\/\/zverissimo.sk\/podcast\/vitaj-doma-ako-privitat-noveho-stvornoheho-clena-rodiny\/","og_locale":"sk_SK","og_type":"article","og_title":"Vitaj doma: Ako priv\u00edta\u0165 nov\u00e9ho \u0161tvornoh\u00e9ho \u010dlena rodiny - Zverissimo","og_description":"Rozhovor zah\u0155\u0148a v\u0161etko, \u010do by mal vedie\u0165 bud\u00faci majite\u013e \u0161teniatka, od v\u00fdberu plemena a\u017e po prv\u00e9 dni v novej dom\u00e1cnosti.","og_url":"https:\/\/zverissimo.sk\/podcast\/vitaj-doma-ako-privitat-noveho-stvornoheho-clena-rodiny\/","og_site_name":"Zverissimo","article_publisher":"https:\/\/www.facebook.com\/zverissimo","article_published_time":"2023-06-14T09:54:58+00:00","article_modified_time":"2024-12-11T11:20:18+00:00","og_image":[{"width":1170,"height":658,"url":"https:\/\/zverissimo.sk\/podcast\/engine\/wp-content\/uploads\/2024\/12\/s01-e27-vypis.png","type":"image\/png"}],"author":"Zverissimo","twitter_card":"summary_large_image","twitter_misc":{"Autor":"Zverissimo","Predpokladan\u00fd \u010das \u010d\u00edtania":"4 min\u00faty"},"schema":{"@context":"https:\/\/schema.org","@graph":[{"@type":"Article","@id":"https:\/\/zverissimo.sk\/podcast\/vitaj-doma-ako-privitat-noveho-stvornoheho-clena-rodiny\/#article","isPartOf":{"@id":"https:\/\/zverissimo.sk\/podcast\/vitaj-doma-ako-privitat-noveho-stvornoheho-clena-rodiny\/"},"author":{"name":"Zverissimo","@id":"https:\/\/zverissimo.sk\/podcast\/#\/schema\/person\/e026fb09405def5321ad2f9b70a2a0d1"},"headline":"Vitaj doma: Ako priv\u00edta\u0165 nov\u00e9ho \u0161tvornoh\u00e9ho \u010dlena rodiny","datePublished":"2023-06-14T09:54:58+00:00","dateModified":"2024-12-11T11:20:18+00:00","mainEntityOfPage":{"@id":"https:\/\/zverissimo.sk\/podcast\/vitaj-doma-ako-privitat-noveho-stvornoheho-clena-rodiny\/"},"wordCount":778,"publisher":{"@id":"https:\/\/zverissimo.sk\/podcast\/#organization"},"keywords":["psy","tipy a rady","v\u00fdcvik psov"],"articleSection":["\u010cl\u00e1nky","Rady"],"inLanguage":"sk-SK"},{"@type":"WebPage","@id":"https:\/\/zverissimo.sk\/podcast\/vitaj-doma-ako-privitat-noveho-stvornoheho-clena-rodiny\/","url":"https:\/\/zverissimo.sk\/podcast\/vitaj-doma-ako-privitat-noveho-stvornoheho-clena-rodiny\/","name":"Vitaj doma: Ako priv\u00edta\u0165 nov\u00e9ho \u0161tvornoh\u00e9ho \u010dlena rodiny - Zverissimo","isPartOf":{"@id":"https:\/\/zverissimo.sk\/podcast\/#website"},"datePublished":"2023-06-14T09:54:58+00:00","dateModified":"2024-12-11T11:20:18+00:00","description":"Rozhovor zah\u0155\u0148a v\u0161etko, \u010do by mal vedie\u0165 bud\u00faci majite\u013e \u0161teniatka, od v\u00fdberu plemena a\u017e po prv\u00e9 dni v novej dom\u00e1cnosti.","breadcrumb":{"@id":"https:\/\/zverissimo.sk\/podcast\/vitaj-doma-ako-privitat-noveho-stvornoheho-clena-rodiny\/#breadcrumb"},"inLanguage":"sk-SK","potentialAction":[{"@type":"ReadAction","target":["https:\/\/zverissimo.sk\/podcast\/vitaj-doma-ako-privitat-noveho-stvornoheho-clena-rodiny\/"]}]},{"@type":"BreadcrumbList","@id":"https:\/\/zverissimo.sk\/podcast\/vitaj-doma-ako-privitat-noveho-stvornoheho-clena-rodiny\/#breadcrumb","itemListElement":[{"@type":"ListItem","position":1,"name":"Domovsk\u00e1 str\u00e1nka","item":"https:\/\/zverissimo.sk\/podcast\/"},{"@type":"ListItem","position":2,"name":"Vitaj doma: Ako priv\u00edta\u0165 nov\u00e9ho \u0161tvornoh\u00e9ho \u010dlena rodiny"}]},{"@type":"WebSite","@id":"https:\/\/zverissimo.sk\/podcast\/#website","url":"https:\/\/zverissimo.sk\/podcast\/","name":"Zverissimo","description":"Podcast: Dvojno\u017eci o \u0161tvorno\u017ecoch","publisher":{"@id":"https:\/\/zverissimo.sk\/podcast\/#organization"},"potentialAction":[{"@type":"SearchAction","target":{"@type":"EntryPoint","urlTemplate":"https:\/\/zverissimo.sk\/podcast\/?s={search_term_string}"},"query-input":"required name=search_term_string"}],"inLanguage":"sk-SK"},{"@type":"Organization","@id":"https:\/\/zverissimo.sk\/podcast\/#organization","name":"Zverissimo","url":"https:\/\/zverissimo.sk\/podcast\/","logo":{"@type":"ImageObject","inLanguage":"sk-SK","@id":"https:\/\/zverissimo.sk\/podcast\/#\/schema\/logo\/image\/","url":"https:\/\/zverissimo.sk\/podcast\/engine\/wp-content\/uploads\/2022\/07\/zverissimo_logo.svg","contentUrl":"https:\/\/zverissimo.sk\/podcast\/engine\/wp-content\/uploads\/2022\/07\/zverissimo_logo.svg","width":240,"height":35,"caption":"Zverissimo"},"image":{"@id":"https:\/\/zverissimo.sk\/podcast\/#\/schema\/logo\/image\/"},"sameAs":["https:\/\/www.instagram.com\/zverissimo_podcast\/","https:\/\/www.facebook.com\/zverissimo"]},{"@type":"Person","@id":"https:\/\/zverissimo.sk\/podcast\/#\/schema\/person\/e026fb09405def5321ad2f9b70a2a0d1","name":"Zverissimo"}]}},"_links":{"self":[{"href":"https:\/\/zverissimo.sk\/podcast\/wp-json\/wp\/v2\/posts\/761"}],"collection":[{"href":"https:\/\/zverissimo.sk\/podcast\/wp-json\/wp\/v2\/posts"}],"about":[{"href":"https:\/\/zverissimo.sk\/podcast\/wp-json\/wp\/v2\/types\/post"}],"author":[{"embeddable":true,"href":"https:\/\/zverissimo.sk\/podcast\/wp-json\/wp\/v2\/users\/2"}],"replies":[{"embeddable":true,"href":"https:\/\/zverissimo.sk\/podcast\/wp-json\/wp\/v2\/comments?post=761"}],"version-history":[{"count":2,"href":"https:\/\/zverissimo.sk\/podcast\/wp-json\/wp\/v2\/posts\/761\/revisions"}],"predecessor-version":[{"id":764,"href":"https:\/\/zverissimo.sk\/podcast\/wp-json\/wp\/v2\/posts\/761\/revisions\/764"}],"wp:featuredmedia":[{"embeddable":true,"href":"https:\/\/zverissimo.sk\/podcast\/wp-json\/wp\/v2\/media\/762"}],"wp:attachment":[{"href":"https:\/\/zverissimo.sk\/podcast\/wp-json\/wp\/v2\/media?parent=761"}],"wp:term":[{"taxonomy":"category","embeddable":true,"href":"https:\/\/zverissimo.sk\/podcast\/wp-json\/wp\/v2\/categories?post=761"},{"taxonomy":"post_tag","embeddable":true,"href":"https:\/\/zverissimo.sk\/podcast\/wp-json\/wp\/v2\/tags?post=761"}],"curies":[{"name":"wp","href":"https:\/\/api.w.org\/{rel}","templated":true}]}}