{"id":752,"date":"2023-05-17T10:55:45","date_gmt":"2023-05-17T08:55:45","guid":{"rendered":"https:\/\/zverissimo.sk\/podcast\/?p=752"},"modified":"2024-12-11T11:23:50","modified_gmt":"2024-12-11T10:23:50","slug":"zviera-nie-je-vec-ako-sa-slovensko-meni-k-lepsiemu-v-ochrane-zvierat","status":"publish","type":"post","link":"https:\/\/zverissimo.sk\/podcast\/zviera-nie-je-vec-ako-sa-slovensko-meni-k-lepsiemu-v-ochrane-zvierat\/","title":{"rendered":"Zviera nie je vec: Ako sa Slovensko men\u00ed k lep\u0161iemu v ochrane zvierat"},"content":{"rendered":"<p><strong>Vedeli ste, \u017ee zvierat\u00e1 na Slovensku u\u017e nie s\u00fa pr\u00e1vne pova\u017eovan\u00e9 za veci?<\/strong> Tento historick\u00fd zlom priniesol zmenu v pr\u00edstupe k zvierat\u00e1m ako c\u00edtiacim tvorom. O tejto zmene a o boji za pr\u00e1va zvierat sme sa dozvedeli viac v podcaste <strong>Zverissimo<\/strong>, kde moder\u00e1tor <strong>Jano Dobr\u00edk<\/strong> priv\u00edtal pr\u00e1vni\u010dku Zvieracieho ombudsmana <strong>Nikolu \u010eur\u010d\u00edkov\u00fa<\/strong>. Diskusia bola v\u00e1\u017ena, no pln\u00e1 in\u0161pirat\u00edvnych pr\u00edbehov a praktick\u00fdch r\u00e1d, ktor\u00e9 m\u00f4\u017eu dvojno\u017eci vyu\u017ei\u0165 na ochranu svojich \u0161tvorno\u017ecov.<\/p>\n<p>Ak\u00e9 s\u00fa naj\u010dastej\u0161ie pr\u00edpady t\u00fdrania zvierat? \u010co robi\u0165, ak naraz\u00edte na t\u00fdranie? A pre\u010do by mala by\u0165 ochrana zvierat s\u00fa\u010das\u0165ou \u0161kolsk\u00fdch osnov? Po\u010fme sa spolo\u010dne pozrie\u0165 na hlavn\u00e9 t\u00e9my tejto d\u00f4le\u017eitej epiz\u00f3dy.<\/p>\n<h2>Pr\u00edpad, ktor\u00fd zmen\u00ed poh\u013ead na realitu<\/h2>\n<p>Podcast za\u010dal rozpr\u00e1van\u00edm o brut\u00e1lnom pr\u00edpade, kedy dvaja po\u013eovn\u00edci usmrtili dvoch ps\u00edkov. Ako zd\u00f4raznila Nikola, t\u00e1to udalos\u0165 ukazuje na z\u00e1va\u017enos\u0165 probl\u00e9mu, ktor\u00fdm je <strong>t\u00fdranie zvierat a n\u00edzka vymo\u017eite\u013enos\u0165 pr\u00e1va na Slovensku.<\/strong> Aj ke\u010f bol tento \u010din zachyten\u00fd na fotografi\u00e1ch a videu, spravodlivos\u0165 si st\u00e1le h\u013ead\u00e1 cestu.<\/p>\n<h3>\n\u010co m\u00f4\u017eete urobi\u0165, ak ste svedkom podobn\u00e9ho pr\u00edpadu?<\/h3>\n<ol>\n<li><strong>Zabezpe\u010dte d\u00f4kazy:<\/strong> Videoz\u00e1znamy, fotografie a svedectv\u00e1 s\u00fa k\u013e\u00fa\u010dov\u00e9.<\/li>\n<li><strong>Nahl\u00e1ste to:<\/strong> Obr\u00e1\u0165te sa na Zelen\u00fa linku Ministerstva \u017eivotn\u00e9ho prostredia alebo pol\u00edciu.<\/li>\n<li><strong>Nebojte sa kona\u0165:<\/strong> Va\u0161a aktivita m\u00f4\u017ee zachr\u00e1ni\u0165 \u017eivot a prinies\u0165 spravodlivos\u0165.<\/li>\n<\/ol>\n<h2>\u010co rob\u00ed Zvierac\u00ed ombudsman a kedy sa na\u0148 obr\u00e1ti\u0165?<\/h2>\n<p>Nikola vysvetlila, \u017ee <strong>Zvierac\u00ed ombudsman<\/strong> je iniciat\u00edva pr\u00e1vnikov, ktor\u00ed sa sna\u017eia meni\u0165 syst\u00e9mov\u00e9 nedostatky v ochrane zvierat. Cie\u013eom je lep\u0161ia vymo\u017eite\u013enos\u0165 pr\u00e1va a zv\u00fd\u0161enie informovanosti verejnosti.<\/p>\n<h3>\nKedy kontaktova\u0165 Zvieracieho ombudsmana?<\/h3>\n<ul>\n<li>Pri podozren\u00ed na <strong>t\u00fdranie zvierat.<\/strong><\/li>\n<li>Ak vid\u00edte zviera v <strong>zanedban\u00fdch podmienkach<\/strong> (re\u0165az bez dostato\u010dn\u00e9ho pohybu, nedostatok jedla \u010di vody).<\/li>\n<li>Pri probl\u00e9moch so \u0161t\u00e1tnymi org\u00e1nmi v pr\u00edpadoch ochrany zvierat.<\/li>\n<\/ul>\n<h2>Zviera nie je vec: Prelomov\u00e1 zmena legislat\u00edvy<\/h2>\n<p>V roku 2018 Slovensko spravilo obrovsk\u00fd krok vpred, ke\u010f sa zvierat\u00e1 prestali pova\u017eova\u0165 za veci. Pod\u013ea z\u00e1kona s\u00fa teraz definovan\u00e9 ako <strong>c\u00edtiace tvory schopn\u00e9 vn\u00edma\u0165 vlastn\u00fdmi zmyslami<\/strong>. T\u00e1to zmena pomohla zv\u00fd\u0161i\u0165 povedomie o zvierat\u00e1ch ako o bytostiach hodn\u00fdch starostlivosti a \u00facty.<\/p>\n<h3>\nPre\u010do je t\u00e1to zmena d\u00f4le\u017eit\u00e1?<\/h3>\n<ul>\n<li>Posilnila etick\u00e9 a mor\u00e1lne z\u00e1sady v legislat\u00edve.<\/li>\n<li>Pribl\u00ed\u017eila Slovensko k vyspel\u00fdm krajin\u00e1m, ktor\u00e9 re\u0161pektuj\u00fa pr\u00e1va zvierat.<\/li>\n<li>Polo\u017eila z\u00e1klady na lep\u0161ie pr\u00e1vne postavenie zvierat v ob\u010dianskopr\u00e1vnych vz\u0165ahoch.<\/li>\n<\/ul>\n<h2>Naj\u010dastej\u0161ie pr\u00edpady t\u00fdrania zvierat na Slovensku<\/h2>\n<p>Pod\u013ea Nikoly \u010eur\u010d\u00edkovej s\u00fa <strong>spolo\u010densk\u00e9 zvierat\u00e1, hlavne psy a ma\u010dky<\/strong>, naj\u010dastej\u0161ie obe\u0165ami t\u00fdrania. \u010co to zah\u0155\u0148a?<\/p>\n<ul>\n<li><strong>Kr\u00e1tke re\u0165aze:<\/strong> Psy \u010dasto nemaj\u00fa dostato\u010dn\u00fd pohyb a trpia fyzick\u00fdmi i psychick\u00fdmi n\u00e1sledkami.<\/li>\n<li><strong>Zanedban\u00e1 starostlivos\u0165:<\/strong> Nedostatok jedla, vody, zdravotnej starostlivosti.<\/li>\n<li><strong>Surov\u00e9 t\u00fdranie:<\/strong> Fyzick\u00e9 ubli\u017eovanie, otravy, \u010di dokonca n\u00e1siln\u00e9 usmrcovanie.<\/li>\n<\/ul>\n<h3>\n\u010co robi\u0165, ak n\u00e1jdete t\u00fdran\u00e9 zviera?<\/h3>\n<ol>\n<li>Kontaktujte Zelen\u00fa linku alebo Region\u00e1lnu veterin\u00e1rnu spr\u00e1vu.<\/li>\n<li>Zabezpe\u010dte d\u00f4kazy o stave zviera\u0165a.<\/li>\n<li>Ak je situ\u00e1cia urgentn\u00e1, volajte pol\u00edciu.<\/li>\n<\/ol>\n<h2>Vzdel\u00e1vanie det\u00ed: Projekt Detsk\u00fd zvierac\u00ed ombudsman<\/h2>\n<p>Ako hovor\u00ed Nikola, <strong>empatia je k\u013e\u00fa\u010dov\u00e1<\/strong> pre bud\u00facnos\u0165 ochrany zvierat. Preto je d\u00f4le\u017eit\u00e9 za\u010da\u0165 s osvieten\u00edm u\u017e u det\u00ed. Projekt Detsk\u00fd zvierac\u00ed ombudsman nav\u0161tevuje \u0161koly po celom Slovensku a u\u010d\u00ed deti, ako spr\u00e1vne pristupova\u0165 k zvierat\u00e1m.<\/p>\n<h3>\n\u010co sa deti u\u010dia?<\/h3>\n<ul>\n<li>Zvierat\u00e1 maj\u00fa potreby a pr\u00e1va.<\/li>\n<li>Ako sa stara\u0165 o dom\u00e1ce zvierat\u00e1.<\/li>\n<li>Pre\u010do je d\u00f4le\u017eit\u00e9 re\u0161pektova\u0165 \u017eiv\u00e9 bytosti.<\/li>\n<\/ul>\n<h2>Pr\u00edbehy, ktor\u00e9 in\u0161piruj\u00fa aj desia<\/h2>\n<p>V podcaste zazneli aj bizarn\u00e9 pr\u00edpady, ktor\u00e9 ukazuj\u00fa, ako \u010faleko siaha \u013eahostajnos\u0165 \u013eud\u00ed. Od labute n\u00e1silne vy\u0165ahovanej z vody a\u017e po ps\u00edka, ktor\u00e9ho majite\u013e n\u00fatil nosi\u0165 batoh na t\u00fare, tieto pr\u00edbehy pod\u010diarkuj\u00fa, pre\u010do je potrebn\u00e9 zv\u00fd\u0161i\u0165 informovanos\u0165 o ochrane zvierat.<\/p>\n<h2>Ako m\u00f4\u017eeme pom\u00f4c\u0165?<\/h2>\n<p>Nikola zd\u00f4raznila, \u017ee <strong>ka\u017ed\u00fd m\u00f4\u017ee nie\u010do urobi\u0165<\/strong>:<\/p>\n<ul>\n<li><strong>Vzdel\u00e1vajte deti:<\/strong> U\u010dte ich l\u00e1skavosti a re\u0161pektu k zvierat\u00e1m.<\/li>\n<li><strong>Bu\u010fte vn\u00edmav\u00ed:<\/strong> Majte otvoren\u00e9 o\u010di pre svoje okolie.<\/li>\n<li><strong>Kona\u0165:<\/strong> Ak vid\u00edte t\u00fdranie, nahl\u00e1ste to a sledujte postup org\u00e1nov.<\/li>\n<\/ul>\n<h2>Spolo\u010dne za lep\u0161iu bud\u00facnos\u0165 zvierat<\/h2>\n<p>Zvierat\u00e1 nie s\u00fa veci. S\u00fa to c\u00edtiace bytosti, ktor\u00e9 si zasl\u00fa\u017eia d\u00f4stojn\u00fd \u017eivot. Ka\u017ed\u00fd z n\u00e1s m\u00f4\u017ee prispie\u0165 k ich ochrane t\u00fdm, \u017ee bude vzdel\u00e1va\u0165 svoje deti, kona\u0165 proti nespravodlivosti a podporova\u0165 syst\u00e9mov\u00e9 zmeny.<\/p>\n<p>Zvedav\u00ed na viac? <a href=\"https:\/\/zverissimo.sk\/podcast\/epizoda\/s01-e25-zviera-nie-je-vec\/\"><strong>Vypo\u010dujte si cel\u00fd podcast Zverissimo<\/strong><\/a> a presk\u00famajte svet zvierat o\u010dami odborn\u00edkov!<\/p>\n","protected":false},"excerpt":{"rendered":"<p>Regular text in vel diam ultrices, aliquam orci ut, sodales augue. Etiam ex magna, elementum non diam eget, aliquam dictum sapien.<\/p>\n","protected":false},"author":2,"featured_media":754,"comment_status":"closed","ping_status":"closed","sticky":false,"template":"","format":"standard","meta":{"inline_featured_image":false},"categories":[10,13],"tags":[12,54,11,44,15],"acf":[],"yoast_head":"<title>Zviera nie je vec: Ako sa Slovensko men\u00ed k lep\u0161iemu v ochrane zvierat - Zverissimo<\/title>\n<meta name=\"description\" content=\"Ak\u00e9 s\u00fa naj\u010dastej\u0161ie pr\u00edpady t\u00fdrania zvierat? \u010co robi\u0165, ak naraz\u00edte na t\u00fdranie? O tom v\u0161etkom s pr\u00e1vni\u010dkou Zvieracieho ombudsmana Nikolou \u010eur\u010d\u00edkovou.\" \/>\n<meta name=\"robots\" content=\"index, follow, max-snippet:-1, max-image-preview:large, max-video-preview:-1\" \/>\n<link rel=\"canonical\" href=\"https:\/\/zverissimo.sk\/podcast\/zviera-nie-je-vec-ako-sa-slovensko-meni-k-lepsiemu-v-ochrane-zvierat\/\" \/>\n<meta property=\"og:locale\" content=\"sk_SK\" \/>\n<meta property=\"og:type\" content=\"article\" \/>\n<meta property=\"og:title\" content=\"Zviera nie je vec: Ako sa Slovensko men\u00ed k lep\u0161iemu v ochrane zvierat - Zverissimo\" \/>\n<meta property=\"og:description\" content=\"Ak\u00e9 s\u00fa naj\u010dastej\u0161ie pr\u00edpady t\u00fdrania zvierat? \u010co robi\u0165, ak naraz\u00edte na t\u00fdranie? O tom v\u0161etkom s pr\u00e1vni\u010dkou Zvieracieho ombudsmana Nikolou \u010eur\u010d\u00edkovou.\" \/>\n<meta property=\"og:url\" content=\"https:\/\/zverissimo.sk\/podcast\/zviera-nie-je-vec-ako-sa-slovensko-meni-k-lepsiemu-v-ochrane-zvierat\/\" \/>\n<meta property=\"og:site_name\" content=\"Zverissimo\" \/>\n<meta property=\"article:publisher\" content=\"https:\/\/www.facebook.com\/zverissimo\" \/>\n<meta property=\"article:published_time\" content=\"2023-05-17T08:55:45+00:00\" \/>\n<meta property=\"article:modified_time\" content=\"2024-12-11T10:23:50+00:00\" \/>\n<meta property=\"og:image\" content=\"https:\/\/zverissimo.sk\/podcast\/engine\/wp-content\/uploads\/2023\/05\/s01-e25-vypis.png\" \/>\n\t<meta property=\"og:image:width\" content=\"1171\" \/>\n\t<meta property=\"og:image:height\" content=\"659\" \/>\n\t<meta property=\"og:image:type\" content=\"image\/png\" \/>\n<meta name=\"author\" content=\"Zverissimo\" \/>\n<meta name=\"twitter:card\" content=\"summary_large_image\" \/>\n<meta name=\"twitter:label1\" content=\"Autor\" \/>\n\t<meta name=\"twitter:data1\" content=\"Zverissimo\" \/>\n\t<meta name=\"twitter:label2\" content=\"Predpokladan\u00fd \u010das \u010d\u00edtania\" \/>\n\t<meta name=\"twitter:data2\" content=\"4 min\u00faty\" \/>\n<script type=\"application\/ld+json\" class=\"yoast-schema-graph\">{\"@context\":\"https:\/\/schema.org\",\"@graph\":[{\"@type\":\"Article\",\"@id\":\"https:\/\/zverissimo.sk\/podcast\/zviera-nie-je-vec-ako-sa-slovensko-meni-k-lepsiemu-v-ochrane-zvierat\/#article\",\"isPartOf\":{\"@id\":\"https:\/\/zverissimo.sk\/podcast\/zviera-nie-je-vec-ako-sa-slovensko-meni-k-lepsiemu-v-ochrane-zvierat\/\"},\"author\":{\"name\":\"Zverissimo\",\"@id\":\"https:\/\/zverissimo.sk\/podcast\/#\/schema\/person\/e026fb09405def5321ad2f9b70a2a0d1\"},\"headline\":\"Zviera nie je vec: Ako sa Slovensko men\u00ed k lep\u0161iemu v ochrane zvierat\",\"datePublished\":\"2023-05-17T08:55:45+00:00\",\"dateModified\":\"2024-12-11T10:23:50+00:00\",\"mainEntityOfPage\":{\"@id\":\"https:\/\/zverissimo.sk\/podcast\/zviera-nie-je-vec-ako-sa-slovensko-meni-k-lepsiemu-v-ochrane-zvierat\/\"},\"wordCount\":847,\"publisher\":{\"@id\":\"https:\/\/zverissimo.sk\/podcast\/#organization\"},\"keywords\":[\"ma\u010dky\",\"ochrana zvierat\",\"psy\",\"tipy a rady\",\"zdravie zvierat\"],\"articleSection\":[\"\u010cl\u00e1nky\",\"Rady\"],\"inLanguage\":\"sk-SK\"},{\"@type\":\"WebPage\",\"@id\":\"https:\/\/zverissimo.sk\/podcast\/zviera-nie-je-vec-ako-sa-slovensko-meni-k-lepsiemu-v-ochrane-zvierat\/\",\"url\":\"https:\/\/zverissimo.sk\/podcast\/zviera-nie-je-vec-ako-sa-slovensko-meni-k-lepsiemu-v-ochrane-zvierat\/\",\"name\":\"Zviera nie je vec: Ako sa Slovensko men\u00ed k lep\u0161iemu v ochrane zvierat - Zverissimo\",\"isPartOf\":{\"@id\":\"https:\/\/zverissimo.sk\/podcast\/#website\"},\"datePublished\":\"2023-05-17T08:55:45+00:00\",\"dateModified\":\"2024-12-11T10:23:50+00:00\",\"description\":\"Ak\u00e9 s\u00fa naj\u010dastej\u0161ie pr\u00edpady t\u00fdrania zvierat? \u010co robi\u0165, ak naraz\u00edte na t\u00fdranie? O tom v\u0161etkom s pr\u00e1vni\u010dkou Zvieracieho ombudsmana Nikolou \u010eur\u010d\u00edkovou.\",\"breadcrumb\":{\"@id\":\"https:\/\/zverissimo.sk\/podcast\/zviera-nie-je-vec-ako-sa-slovensko-meni-k-lepsiemu-v-ochrane-zvierat\/#breadcrumb\"},\"inLanguage\":\"sk-SK\",\"potentialAction\":[{\"@type\":\"ReadAction\",\"target\":[\"https:\/\/zverissimo.sk\/podcast\/zviera-nie-je-vec-ako-sa-slovensko-meni-k-lepsiemu-v-ochrane-zvierat\/\"]}]},{\"@type\":\"BreadcrumbList\",\"@id\":\"https:\/\/zverissimo.sk\/podcast\/zviera-nie-je-vec-ako-sa-slovensko-meni-k-lepsiemu-v-ochrane-zvierat\/#breadcrumb\",\"itemListElement\":[{\"@type\":\"ListItem\",\"position\":1,\"name\":\"Domovsk\u00e1 str\u00e1nka\",\"item\":\"https:\/\/zverissimo.sk\/podcast\/\"},{\"@type\":\"ListItem\",\"position\":2,\"name\":\"Zviera nie je vec: Ako sa Slovensko men\u00ed k lep\u0161iemu v ochrane zvierat\"}]},{\"@type\":\"WebSite\",\"@id\":\"https:\/\/zverissimo.sk\/podcast\/#website\",\"url\":\"https:\/\/zverissimo.sk\/podcast\/\",\"name\":\"Zverissimo\",\"description\":\"Podcast: Dvojno\u017eci o \u0161tvorno\u017ecoch\",\"publisher\":{\"@id\":\"https:\/\/zverissimo.sk\/podcast\/#organization\"},\"potentialAction\":[{\"@type\":\"SearchAction\",\"target\":{\"@type\":\"EntryPoint\",\"urlTemplate\":\"https:\/\/zverissimo.sk\/podcast\/?s={search_term_string}\"},\"query-input\":\"required name=search_term_string\"}],\"inLanguage\":\"sk-SK\"},{\"@type\":\"Organization\",\"@id\":\"https:\/\/zverissimo.sk\/podcast\/#organization\",\"name\":\"Zverissimo\",\"url\":\"https:\/\/zverissimo.sk\/podcast\/\",\"logo\":{\"@type\":\"ImageObject\",\"inLanguage\":\"sk-SK\",\"@id\":\"https:\/\/zverissimo.sk\/podcast\/#\/schema\/logo\/image\/\",\"url\":\"https:\/\/zverissimo.sk\/podcast\/engine\/wp-content\/uploads\/2022\/07\/zverissimo_logo.svg\",\"contentUrl\":\"https:\/\/zverissimo.sk\/podcast\/engine\/wp-content\/uploads\/2022\/07\/zverissimo_logo.svg\",\"width\":240,\"height\":35,\"caption\":\"Zverissimo\"},\"image\":{\"@id\":\"https:\/\/zverissimo.sk\/podcast\/#\/schema\/logo\/image\/\"},\"sameAs\":[\"https:\/\/www.instagram.com\/zverissimo_podcast\/\",\"https:\/\/www.facebook.com\/zverissimo\"]},{\"@type\":\"Person\",\"@id\":\"https:\/\/zverissimo.sk\/podcast\/#\/schema\/person\/e026fb09405def5321ad2f9b70a2a0d1\",\"name\":\"Zverissimo\"}]}<\/script>","yoast_head_json":{"title":"Zviera nie je vec: Ako sa Slovensko men\u00ed k lep\u0161iemu v ochrane zvierat - Zverissimo","description":"Ak\u00e9 s\u00fa naj\u010dastej\u0161ie pr\u00edpady t\u00fdrania zvierat? \u010co robi\u0165, ak naraz\u00edte na t\u00fdranie? O tom v\u0161etkom s pr\u00e1vni\u010dkou Zvieracieho ombudsmana Nikolou \u010eur\u010d\u00edkovou.","robots":{"index":"index","follow":"follow","max-snippet":"max-snippet:-1","max-image-preview":"max-image-preview:large","max-video-preview":"max-video-preview:-1"},"canonical":"https:\/\/zverissimo.sk\/podcast\/zviera-nie-je-vec-ako-sa-slovensko-meni-k-lepsiemu-v-ochrane-zvierat\/","og_locale":"sk_SK","og_type":"article","og_title":"Zviera nie je vec: Ako sa Slovensko men\u00ed k lep\u0161iemu v ochrane zvierat - Zverissimo","og_description":"Ak\u00e9 s\u00fa naj\u010dastej\u0161ie pr\u00edpady t\u00fdrania zvierat? \u010co robi\u0165, ak naraz\u00edte na t\u00fdranie? O tom v\u0161etkom s pr\u00e1vni\u010dkou Zvieracieho ombudsmana Nikolou \u010eur\u010d\u00edkovou.","og_url":"https:\/\/zverissimo.sk\/podcast\/zviera-nie-je-vec-ako-sa-slovensko-meni-k-lepsiemu-v-ochrane-zvierat\/","og_site_name":"Zverissimo","article_publisher":"https:\/\/www.facebook.com\/zverissimo","article_published_time":"2023-05-17T08:55:45+00:00","article_modified_time":"2024-12-11T10:23:50+00:00","og_image":[{"width":1171,"height":659,"url":"https:\/\/zverissimo.sk\/podcast\/engine\/wp-content\/uploads\/2023\/05\/s01-e25-vypis.png","type":"image\/png"}],"author":"Zverissimo","twitter_card":"summary_large_image","twitter_misc":{"Autor":"Zverissimo","Predpokladan\u00fd \u010das \u010d\u00edtania":"4 min\u00faty"},"schema":{"@context":"https:\/\/schema.org","@graph":[{"@type":"Article","@id":"https:\/\/zverissimo.sk\/podcast\/zviera-nie-je-vec-ako-sa-slovensko-meni-k-lepsiemu-v-ochrane-zvierat\/#article","isPartOf":{"@id":"https:\/\/zverissimo.sk\/podcast\/zviera-nie-je-vec-ako-sa-slovensko-meni-k-lepsiemu-v-ochrane-zvierat\/"},"author":{"name":"Zverissimo","@id":"https:\/\/zverissimo.sk\/podcast\/#\/schema\/person\/e026fb09405def5321ad2f9b70a2a0d1"},"headline":"Zviera nie je vec: Ako sa Slovensko men\u00ed k lep\u0161iemu v ochrane zvierat","datePublished":"2023-05-17T08:55:45+00:00","dateModified":"2024-12-11T10:23:50+00:00","mainEntityOfPage":{"@id":"https:\/\/zverissimo.sk\/podcast\/zviera-nie-je-vec-ako-sa-slovensko-meni-k-lepsiemu-v-ochrane-zvierat\/"},"wordCount":847,"publisher":{"@id":"https:\/\/zverissimo.sk\/podcast\/#organization"},"keywords":["ma\u010dky","ochrana zvierat","psy","tipy a rady","zdravie zvierat"],"articleSection":["\u010cl\u00e1nky","Rady"],"inLanguage":"sk-SK"},{"@type":"WebPage","@id":"https:\/\/zverissimo.sk\/podcast\/zviera-nie-je-vec-ako-sa-slovensko-meni-k-lepsiemu-v-ochrane-zvierat\/","url":"https:\/\/zverissimo.sk\/podcast\/zviera-nie-je-vec-ako-sa-slovensko-meni-k-lepsiemu-v-ochrane-zvierat\/","name":"Zviera nie je vec: Ako sa Slovensko men\u00ed k lep\u0161iemu v ochrane zvierat - Zverissimo","isPartOf":{"@id":"https:\/\/zverissimo.sk\/podcast\/#website"},"datePublished":"2023-05-17T08:55:45+00:00","dateModified":"2024-12-11T10:23:50+00:00","description":"Ak\u00e9 s\u00fa naj\u010dastej\u0161ie pr\u00edpady t\u00fdrania zvierat? \u010co robi\u0165, ak naraz\u00edte na t\u00fdranie? O tom v\u0161etkom s pr\u00e1vni\u010dkou Zvieracieho ombudsmana Nikolou \u010eur\u010d\u00edkovou.","breadcrumb":{"@id":"https:\/\/zverissimo.sk\/podcast\/zviera-nie-je-vec-ako-sa-slovensko-meni-k-lepsiemu-v-ochrane-zvierat\/#breadcrumb"},"inLanguage":"sk-SK","potentialAction":[{"@type":"ReadAction","target":["https:\/\/zverissimo.sk\/podcast\/zviera-nie-je-vec-ako-sa-slovensko-meni-k-lepsiemu-v-ochrane-zvierat\/"]}]},{"@type":"BreadcrumbList","@id":"https:\/\/zverissimo.sk\/podcast\/zviera-nie-je-vec-ako-sa-slovensko-meni-k-lepsiemu-v-ochrane-zvierat\/#breadcrumb","itemListElement":[{"@type":"ListItem","position":1,"name":"Domovsk\u00e1 str\u00e1nka","item":"https:\/\/zverissimo.sk\/podcast\/"},{"@type":"ListItem","position":2,"name":"Zviera nie je vec: Ako sa Slovensko men\u00ed k lep\u0161iemu v ochrane zvierat"}]},{"@type":"WebSite","@id":"https:\/\/zverissimo.sk\/podcast\/#website","url":"https:\/\/zverissimo.sk\/podcast\/","name":"Zverissimo","description":"Podcast: Dvojno\u017eci o \u0161tvorno\u017ecoch","publisher":{"@id":"https:\/\/zverissimo.sk\/podcast\/#organization"},"potentialAction":[{"@type":"SearchAction","target":{"@type":"EntryPoint","urlTemplate":"https:\/\/zverissimo.sk\/podcast\/?s={search_term_string}"},"query-input":"required name=search_term_string"}],"inLanguage":"sk-SK"},{"@type":"Organization","@id":"https:\/\/zverissimo.sk\/podcast\/#organization","name":"Zverissimo","url":"https:\/\/zverissimo.sk\/podcast\/","logo":{"@type":"ImageObject","inLanguage":"sk-SK","@id":"https:\/\/zverissimo.sk\/podcast\/#\/schema\/logo\/image\/","url":"https:\/\/zverissimo.sk\/podcast\/engine\/wp-content\/uploads\/2022\/07\/zverissimo_logo.svg","contentUrl":"https:\/\/zverissimo.sk\/podcast\/engine\/wp-content\/uploads\/2022\/07\/zverissimo_logo.svg","width":240,"height":35,"caption":"Zverissimo"},"image":{"@id":"https:\/\/zverissimo.sk\/podcast\/#\/schema\/logo\/image\/"},"sameAs":["https:\/\/www.instagram.com\/zverissimo_podcast\/","https:\/\/www.facebook.com\/zverissimo"]},{"@type":"Person","@id":"https:\/\/zverissimo.sk\/podcast\/#\/schema\/person\/e026fb09405def5321ad2f9b70a2a0d1","name":"Zverissimo"}]}},"_links":{"self":[{"href":"https:\/\/zverissimo.sk\/podcast\/wp-json\/wp\/v2\/posts\/752"}],"collection":[{"href":"https:\/\/zverissimo.sk\/podcast\/wp-json\/wp\/v2\/posts"}],"about":[{"href":"https:\/\/zverissimo.sk\/podcast\/wp-json\/wp\/v2\/types\/post"}],"author":[{"embeddable":true,"href":"https:\/\/zverissimo.sk\/podcast\/wp-json\/wp\/v2\/users\/2"}],"replies":[{"embeddable":true,"href":"https:\/\/zverissimo.sk\/podcast\/wp-json\/wp\/v2\/comments?post=752"}],"version-history":[{"count":3,"href":"https:\/\/zverissimo.sk\/podcast\/wp-json\/wp\/v2\/posts\/752\/revisions"}],"predecessor-version":[{"id":756,"href":"https:\/\/zverissimo.sk\/podcast\/wp-json\/wp\/v2\/posts\/752\/revisions\/756"}],"wp:featuredmedia":[{"embeddable":true,"href":"https:\/\/zverissimo.sk\/podcast\/wp-json\/wp\/v2\/media\/754"}],"wp:attachment":[{"href":"https:\/\/zverissimo.sk\/podcast\/wp-json\/wp\/v2\/media?parent=752"}],"wp:term":[{"taxonomy":"category","embeddable":true,"href":"https:\/\/zverissimo.sk\/podcast\/wp-json\/wp\/v2\/categories?post=752"},{"taxonomy":"post_tag","embeddable":true,"href":"https:\/\/zverissimo.sk\/podcast\/wp-json\/wp\/v2\/tags?post=752"}],"curies":[{"name":"wp","href":"https:\/\/api.w.org\/{rel}","templated":true}]}}