{"id":664,"date":"2022-08-24T15:31:49","date_gmt":"2022-08-24T13:31:49","guid":{"rendered":"https:\/\/zverissimo.sk\/podcast\/?p=664"},"modified":"2024-12-10T13:47:19","modified_gmt":"2024-12-10T12:47:19","slug":"denisa-fazekasova-a-janka-sikulova-kynologicky-s-vasnou-pre-vycvik-psov-a-pomoc-ludom","status":"publish","type":"post","link":"https:\/\/zverissimo.sk\/podcast\/denisa-fazekasova-a-janka-sikulova-kynologicky-s-vasnou-pre-vycvik-psov-a-pomoc-ludom\/","title":{"rendered":"Denisa Fazeka\u0161ov\u00e1 a Janka \u0160ikulov\u00e1: Kynologi\u010dky s v\u00e1\u0161\u0148ou pre v\u00fdcvik psov a pomoc \u013eu\u010fom"},"content":{"rendered":"<p>V tejto epiz\u00f3de <strong>Zverissimo<\/strong>, ktor\u00e1 m\u00e1 n\u00e1zov <a href=\"https:\/\/zverissimo.sk\/podcast\/epizoda\/s01-e06-taha-na-vodzke-zobre-pri-stole\/\">\u0164ah\u00e1 na v\u00f4dzke, \u017eobre pri stole<\/a>, sa Janko Dobr\u00edk rozpr\u00e1val s dvoma v\u00fdnimo\u010dn\u00fdmi \u017eenami, kynologi\u010dkami <strong>Denisou Fazeka\u0161ovou <\/strong>a<strong> Jankou \u0160ikulovou<\/strong>, ktor\u00e9 sa spolo\u010dne venuj\u00fa v\u00fdcviku psov u\u017e od svojich 13 rokov. Okrem vedenia cvi\u010diska pre psov a tr\u00e9ningu majite\u013eov so \u0161tvornoh\u00fdmi mil\u00e1\u010dikmi sa z\u00fa\u010dastnili medzin\u00e1rodn\u00fdch z\u00e1chrann\u00fdch akci\u00ed vr\u00e1tane misie na <strong>Sumatre<\/strong> po zemetrasen\u00ed.<\/p>\n<h2>Z detstva k v\u00e1\u0161nivej kynol\u00f3gii<\/h2>\n<ul>\n<li><strong>Denisa Fazeka\u0161ov\u00e1:<\/strong> Napriek tomu, \u017ee vyrastala v panel\u00e1ku, jej l\u00e1ska k zvierat\u00e1m sa prejavila u\u017e v detstve, ke\u010f pravidelne zachra\u0148ovala t\u00falav\u00fdch psov. Prv\u00e9ho vlastn\u00e9ho psa, nemeck\u00fa \u0161pi\u010dku, z\u00edskala v\u010faka svojej vytrvalosti a odhodlaniu. T\u00e1to sk\u00fasenos\u0165 ju priviedla na cvi\u010disko a ku kynol\u00f3gii.<\/li>\n<li><strong>Janka \u0160ikulov\u00e1:<\/strong> Hoci tie\u017e poch\u00e1dza z panel\u00e1kov\u00e9ho prostredia, jej prv\u00fd kontakt so zvieratami bol u star\u00fdch rodi\u010dov na dedine. Ako t\u00edned\u017eerka si vybojovala mo\u017enos\u0165 vlastni\u0165 nemeck\u00fa dogu, \u010do jej dalo skvel\u00fa \u0161kolu v trpezlivosti a d\u00f4slednosti pri v\u00fdcviku.<\/li>\n<\/ul>\n<h2>Filozofia v\u00fdcviku psov: Vz\u0165ah a komunik\u00e1cia<\/h2>\n<p>Obe kynologi\u010dky sa zhoduj\u00fa, \u017ee v\u00fdcvik psa je viac o tr\u00e9ningu majite\u013ea ne\u017e o samotnom psovi. Podstatou ich pr\u00edstupu je pochopi\u0165 spr\u00e1vanie psa a nau\u010di\u0165 majite\u013ea komunikova\u0165 so svoj\u00edm zviera\u0165om. Ich motto znie:<\/p>\n<p><em>\u201ePom\u00e1hame \u013eu\u010fom nau\u010di\u0165 sa pochopi\u0165 svoje psy, nau\u010di\u0165 sa s nimi komunikova\u0165 a nau\u010di\u0165 sa, ako ich u\u010di\u0165.\u201c<\/em><\/p>\n<p>Met\u00f3dy, ktor\u00e9 vyu\u017e\u00edvaj\u00fa, s\u00fa zalo\u017een\u00e9 na pozit\u00edvnej motiv\u00e1cii a re\u0161pekte k psovi, \u010d\u00edm odmietaj\u00fa tradi\u010dn\u00e9 postupy zalo\u017een\u00e9 na sile a tlaku.<\/p>\n<h2>V\u00fdcvik na cvi\u010disku: Ako to funguje?<\/h2>\n<ol>\n<li><strong>Prv\u00fd krok:<\/strong> Majite\u013e mus\u00ed kontaktova\u0165 cvi\u010disko a pripravi\u0165 psa na tr\u00e9ning (o\u010dkovania, z\u00e1kladn\u00e9 hygienick\u00e9 n\u00e1vyky).<\/li>\n<li><strong>Za\u010diatok tr\u00e9ningu:<\/strong> K\u013e\u00fa\u010dom je naviaza\u0165 kontakt so psom a pomocou pozit\u00edvnej motiv\u00e1cie nau\u010di\u0165 z\u00e1kladn\u00e9 povely ako \u201esadni\u201c.<\/li>\n<li><strong>\u00daloha majite\u013ea:<\/strong> Sleduje tr\u00e9ning, aby pochopil, ako so psom pracova\u0165, a doma denne opakuje nau\u010den\u00e9 cvi\u010denia.<\/li>\n<\/ol>\n<p><strong>Denisa:<\/strong> \u201ePes sa so mnou bav\u00ed, zatia\u013e \u010do majite\u013e to \u010dasto berie len ako povinnos\u0165. To je rozdiel, ktor\u00fd si musia uvedomi\u0165.\u201c<\/p>\n<h2>Z\u00e1chran\u00e1rska kynol\u00f3gia: Misia na Sumatre<\/h2>\n<p>Denisa a Janka boli \u010dlenkami medzin\u00e1rodnej organiz\u00e1cie IRO a z\u00fa\u010dastnili sa z\u00e1chrann\u00fdch misi\u00ed, vr\u00e1tane zemetrasenia na Sumatre. V\u010faka intenz\u00edvnym tr\u00e9ningom dok\u00e1zali ich psy lokalizova\u0165 \u013eud\u00ed pod ruinami, \u010dasto bohu\u017eia\u013e u\u017e len telesn\u00e9 pozostatky. Misia bola emocion\u00e1lne n\u00e1ro\u010dn\u00e1, ale miestni \u013eudia boli v\u010fa\u010dn\u00ed aj za mo\u017enos\u0165 d\u00f4stojnej rozl\u00fa\u010dky s bl\u00edzkymi.<\/p>\n<p><strong>Janka:<\/strong> <em>\u201eBolo \u0165a\u017ek\u00e9 vidie\u0165 \u013eud\u00ed, ktor\u00ed v n\u00e1s videli posledn\u00fa n\u00e1dej.\u201c<\/em><\/p>\n<h2>Cesta od z\u00e1chran\u00e1rstva k \u0161portovej kynol\u00f3gii<\/h2>\n<p>Po n\u00e1vrate zo Sumatry sa Denisa rozhodla zamera\u0165 na \u0161portov\u00fa kynol\u00f3giu a za\u010dala sa venova\u0165 discipl\u00edne <strong>obedience<\/strong> (vysok\u00e1 \u0161kola poslu\u0161nosti). T\u00e1to prec\u00edzna a n\u00e1ro\u010dn\u00e1 discipl\u00edna si z\u00edskala jej srdce. Denisa sa u\u017e \u0161tyrikr\u00e1t z\u00fa\u010dastnila majstrovstiev sveta a reprezentovala Slovensko ako jedin\u00e1 \u00fa\u010dastn\u00ed\u010dka.<\/p>\n<h2>Spolupr\u00e1ca, ktor\u00e1 trv\u00e1 desa\u0165ro\u010dia<\/h2>\n<p>Denisa a Janka tvoria zohrat\u00fd t\u00edm nielen na cvi\u010disku, ale aj v priate\u013estve. Ich spolo\u010dn\u00fd poh\u013ead na v\u00fdcvik a vz\u00e1jomn\u00e1 podpora s\u00fa z\u00e1kladom ich \u00faspechov. Hoci pracuj\u00fa s r\u00f4znymi plemenami, ich cie\u013eom je nau\u010di\u0165 ka\u017ed\u00e9ho majite\u013ea porozumie\u0165 svojmu psovi a dosiahnu\u0165 harm\u00f3niu vo vz\u0165ahu so zviera\u0165om.<\/p>\n<h2>Posolstvo pre majite\u013eov psov<\/h2>\n<p>Kynologi\u010dky zd\u00f4raz\u0148uj\u00fa, \u017ee ka\u017ed\u00fd pes je schopn\u00fd nau\u010di\u0165 sa poslu\u0161nos\u0165, ak majite\u013e investuje \u010das a trpezlivos\u0165. Pri v\u00fdcviku je v\u0161ak d\u00f4le\u017eit\u00e9 pochopi\u0165, \u017ee tr\u00e9ning je viac o budovan\u00ed vz\u0165ahu ne\u017e o poveloch.<\/p>\n<p><strong>Janka:<\/strong> <em>\u201eKa\u017ed\u00fd pes je in\u00fd, ale ka\u017ed\u00fd m\u00f4\u017ee dosiahnu\u0165 s\u00eddliskov\u00fa poslu\u0161nos\u0165.\u201c<\/em><\/p>\n<p>Podcast <strong>Zverissimo<\/strong> prin\u00e1\u0161a <strong>Pharmacopola<\/strong>, spolo\u010dnos\u0165, ktor\u00e1 pom\u00e1ha t\u00fdm, ktor\u00ed sa staraj\u00fa o spokojn\u00fd \u017eivot na\u0161ich mil\u00e1\u010dikov.<\/p>\n","protected":false},"excerpt":{"rendered":"<p>Regular text in vel diam ultrices, aliquam orci ut, sodales augue. Etiam ex magna, elementum non diam eget, aliquam dictum sapien.<\/p>\n","protected":false},"author":2,"featured_media":665,"comment_status":"closed","ping_status":"closed","sticky":false,"template":"","format":"standard","meta":{"inline_featured_image":false},"categories":[10,13],"tags":[33,32,11,34,15],"acf":[],"yoast_head":"<title>Denisa Fazeka\u0161ov\u00e1 a Janka \u0160ikulov\u00e1: Kynologi\u010dky s v\u00e1\u0161\u0148ou pre v\u00fdcvik psov a pomoc \u013eu\u010fom - Zverissimo<\/title>\n<meta name=\"description\" content=\"Okrem vedenia cvi\u010diska pre psov a tr\u00e9ningu majite\u013eov so \u0161tvornoh\u00fdmi mil\u00e1\u010dikmi sa z\u00fa\u010dastnili aj medzin\u00e1rodn\u00fdch z\u00e1chrann\u00fdch akci\u00ed.\" \/>\n<meta name=\"robots\" content=\"index, follow, max-snippet:-1, max-image-preview:large, max-video-preview:-1\" \/>\n<link rel=\"canonical\" href=\"https:\/\/zverissimo.sk\/podcast\/denisa-fazekasova-a-janka-sikulova-kynologicky-s-vasnou-pre-vycvik-psov-a-pomoc-ludom\/\" \/>\n<meta property=\"og:locale\" content=\"sk_SK\" \/>\n<meta property=\"og:type\" content=\"article\" \/>\n<meta property=\"og:title\" content=\"Denisa Fazeka\u0161ov\u00e1 a Janka \u0160ikulov\u00e1: Kynologi\u010dky s v\u00e1\u0161\u0148ou pre v\u00fdcvik psov a pomoc \u013eu\u010fom - Zverissimo\" \/>\n<meta property=\"og:description\" content=\"Okrem vedenia cvi\u010diska pre psov a tr\u00e9ningu majite\u013eov so \u0161tvornoh\u00fdmi mil\u00e1\u010dikmi sa z\u00fa\u010dastnili aj medzin\u00e1rodn\u00fdch z\u00e1chrann\u00fdch akci\u00ed.\" \/>\n<meta property=\"og:url\" content=\"https:\/\/zverissimo.sk\/podcast\/denisa-fazekasova-a-janka-sikulova-kynologicky-s-vasnou-pre-vycvik-psov-a-pomoc-ludom\/\" \/>\n<meta property=\"og:site_name\" content=\"Zverissimo\" \/>\n<meta property=\"article:publisher\" content=\"https:\/\/www.facebook.com\/zverissimo\" \/>\n<meta property=\"article:published_time\" content=\"2022-08-24T13:31:49+00:00\" \/>\n<meta property=\"article:modified_time\" content=\"2024-12-10T12:47:19+00:00\" \/>\n<meta property=\"og:image\" content=\"https:\/\/zverissimo.sk\/podcast\/engine\/wp-content\/uploads\/2024\/12\/s01-e06-vypis.png\" \/>\n\t<meta property=\"og:image:width\" content=\"1171\" \/>\n\t<meta property=\"og:image:height\" content=\"659\" \/>\n\t<meta property=\"og:image:type\" content=\"image\/png\" \/>\n<meta name=\"author\" content=\"Zverissimo\" \/>\n<meta name=\"twitter:card\" content=\"summary_large_image\" \/>\n<meta name=\"twitter:label1\" content=\"Autor\" \/>\n\t<meta name=\"twitter:data1\" content=\"Zverissimo\" \/>\n\t<meta name=\"twitter:label2\" content=\"Predpokladan\u00fd \u010das \u010d\u00edtania\" \/>\n\t<meta name=\"twitter:data2\" content=\"3 min\u00faty\" \/>\n<script type=\"application\/ld+json\" class=\"yoast-schema-graph\">{\"@context\":\"https:\/\/schema.org\",\"@graph\":[{\"@type\":\"Article\",\"@id\":\"https:\/\/zverissimo.sk\/podcast\/denisa-fazekasova-a-janka-sikulova-kynologicky-s-vasnou-pre-vycvik-psov-a-pomoc-ludom\/#article\",\"isPartOf\":{\"@id\":\"https:\/\/zverissimo.sk\/podcast\/denisa-fazekasova-a-janka-sikulova-kynologicky-s-vasnou-pre-vycvik-psov-a-pomoc-ludom\/\"},\"author\":{\"name\":\"Zverissimo\",\"@id\":\"https:\/\/zverissimo.sk\/podcast\/#\/schema\/person\/e026fb09405def5321ad2f9b70a2a0d1\"},\"headline\":\"Denisa Fazeka\u0161ov\u00e1 a Janka \u0160ikulov\u00e1: Kynologi\u010dky s v\u00e1\u0161\u0148ou pre v\u00fdcvik psov a pomoc \u013eu\u010fom\",\"datePublished\":\"2022-08-24T13:31:49+00:00\",\"dateModified\":\"2024-12-10T12:47:19+00:00\",\"mainEntityOfPage\":{\"@id\":\"https:\/\/zverissimo.sk\/podcast\/denisa-fazekasova-a-janka-sikulova-kynologicky-s-vasnou-pre-vycvik-psov-a-pomoc-ludom\/\"},\"wordCount\":726,\"publisher\":{\"@id\":\"https:\/\/zverissimo.sk\/podcast\/#organization\"},\"keywords\":[\"kynol\u00f3gia\",\"ps\u00ed tr\u00e9ning\",\"psy\",\"v\u00fdcvik psov\",\"zdravie zvierat\"],\"articleSection\":[\"\u010cl\u00e1nky\",\"Rady\"],\"inLanguage\":\"sk-SK\"},{\"@type\":\"WebPage\",\"@id\":\"https:\/\/zverissimo.sk\/podcast\/denisa-fazekasova-a-janka-sikulova-kynologicky-s-vasnou-pre-vycvik-psov-a-pomoc-ludom\/\",\"url\":\"https:\/\/zverissimo.sk\/podcast\/denisa-fazekasova-a-janka-sikulova-kynologicky-s-vasnou-pre-vycvik-psov-a-pomoc-ludom\/\",\"name\":\"Denisa Fazeka\u0161ov\u00e1 a Janka \u0160ikulov\u00e1: Kynologi\u010dky s v\u00e1\u0161\u0148ou pre v\u00fdcvik psov a pomoc \u013eu\u010fom - Zverissimo\",\"isPartOf\":{\"@id\":\"https:\/\/zverissimo.sk\/podcast\/#website\"},\"datePublished\":\"2022-08-24T13:31:49+00:00\",\"dateModified\":\"2024-12-10T12:47:19+00:00\",\"description\":\"Okrem vedenia cvi\u010diska pre psov a tr\u00e9ningu majite\u013eov so \u0161tvornoh\u00fdmi mil\u00e1\u010dikmi sa z\u00fa\u010dastnili aj medzin\u00e1rodn\u00fdch z\u00e1chrann\u00fdch akci\u00ed.\",\"breadcrumb\":{\"@id\":\"https:\/\/zverissimo.sk\/podcast\/denisa-fazekasova-a-janka-sikulova-kynologicky-s-vasnou-pre-vycvik-psov-a-pomoc-ludom\/#breadcrumb\"},\"inLanguage\":\"sk-SK\",\"potentialAction\":[{\"@type\":\"ReadAction\",\"target\":[\"https:\/\/zverissimo.sk\/podcast\/denisa-fazekasova-a-janka-sikulova-kynologicky-s-vasnou-pre-vycvik-psov-a-pomoc-ludom\/\"]}]},{\"@type\":\"BreadcrumbList\",\"@id\":\"https:\/\/zverissimo.sk\/podcast\/denisa-fazekasova-a-janka-sikulova-kynologicky-s-vasnou-pre-vycvik-psov-a-pomoc-ludom\/#breadcrumb\",\"itemListElement\":[{\"@type\":\"ListItem\",\"position\":1,\"name\":\"Domovsk\u00e1 str\u00e1nka\",\"item\":\"https:\/\/zverissimo.sk\/podcast\/\"},{\"@type\":\"ListItem\",\"position\":2,\"name\":\"Denisa Fazeka\u0161ov\u00e1 a Janka \u0160ikulov\u00e1: Kynologi\u010dky s v\u00e1\u0161\u0148ou pre v\u00fdcvik psov a pomoc \u013eu\u010fom\"}]},{\"@type\":\"WebSite\",\"@id\":\"https:\/\/zverissimo.sk\/podcast\/#website\",\"url\":\"https:\/\/zverissimo.sk\/podcast\/\",\"name\":\"Zverissimo\",\"description\":\"Podcast: Dvojno\u017eci o \u0161tvorno\u017ecoch\",\"publisher\":{\"@id\":\"https:\/\/zverissimo.sk\/podcast\/#organization\"},\"potentialAction\":[{\"@type\":\"SearchAction\",\"target\":{\"@type\":\"EntryPoint\",\"urlTemplate\":\"https:\/\/zverissimo.sk\/podcast\/?s={search_term_string}\"},\"query-input\":\"required name=search_term_string\"}],\"inLanguage\":\"sk-SK\"},{\"@type\":\"Organization\",\"@id\":\"https:\/\/zverissimo.sk\/podcast\/#organization\",\"name\":\"Zverissimo\",\"url\":\"https:\/\/zverissimo.sk\/podcast\/\",\"logo\":{\"@type\":\"ImageObject\",\"inLanguage\":\"sk-SK\",\"@id\":\"https:\/\/zverissimo.sk\/podcast\/#\/schema\/logo\/image\/\",\"url\":\"https:\/\/zverissimo.sk\/podcast\/engine\/wp-content\/uploads\/2022\/07\/zverissimo_logo.svg\",\"contentUrl\":\"https:\/\/zverissimo.sk\/podcast\/engine\/wp-content\/uploads\/2022\/07\/zverissimo_logo.svg\",\"width\":240,\"height\":35,\"caption\":\"Zverissimo\"},\"image\":{\"@id\":\"https:\/\/zverissimo.sk\/podcast\/#\/schema\/logo\/image\/\"},\"sameAs\":[\"https:\/\/www.instagram.com\/zverissimo_podcast\/\",\"https:\/\/www.facebook.com\/zverissimo\"]},{\"@type\":\"Person\",\"@id\":\"https:\/\/zverissimo.sk\/podcast\/#\/schema\/person\/e026fb09405def5321ad2f9b70a2a0d1\",\"name\":\"Zverissimo\"}]}<\/script>","yoast_head_json":{"title":"Denisa Fazeka\u0161ov\u00e1 a Janka \u0160ikulov\u00e1: Kynologi\u010dky s v\u00e1\u0161\u0148ou pre v\u00fdcvik psov a pomoc \u013eu\u010fom - Zverissimo","description":"Okrem vedenia cvi\u010diska pre psov a tr\u00e9ningu majite\u013eov so \u0161tvornoh\u00fdmi mil\u00e1\u010dikmi sa z\u00fa\u010dastnili aj medzin\u00e1rodn\u00fdch z\u00e1chrann\u00fdch akci\u00ed.","robots":{"index":"index","follow":"follow","max-snippet":"max-snippet:-1","max-image-preview":"max-image-preview:large","max-video-preview":"max-video-preview:-1"},"canonical":"https:\/\/zverissimo.sk\/podcast\/denisa-fazekasova-a-janka-sikulova-kynologicky-s-vasnou-pre-vycvik-psov-a-pomoc-ludom\/","og_locale":"sk_SK","og_type":"article","og_title":"Denisa Fazeka\u0161ov\u00e1 a Janka \u0160ikulov\u00e1: Kynologi\u010dky s v\u00e1\u0161\u0148ou pre v\u00fdcvik psov a pomoc \u013eu\u010fom - Zverissimo","og_description":"Okrem vedenia cvi\u010diska pre psov a tr\u00e9ningu majite\u013eov so \u0161tvornoh\u00fdmi mil\u00e1\u010dikmi sa z\u00fa\u010dastnili aj medzin\u00e1rodn\u00fdch z\u00e1chrann\u00fdch akci\u00ed.","og_url":"https:\/\/zverissimo.sk\/podcast\/denisa-fazekasova-a-janka-sikulova-kynologicky-s-vasnou-pre-vycvik-psov-a-pomoc-ludom\/","og_site_name":"Zverissimo","article_publisher":"https:\/\/www.facebook.com\/zverissimo","article_published_time":"2022-08-24T13:31:49+00:00","article_modified_time":"2024-12-10T12:47:19+00:00","og_image":[{"width":1171,"height":659,"url":"https:\/\/zverissimo.sk\/podcast\/engine\/wp-content\/uploads\/2024\/12\/s01-e06-vypis.png","type":"image\/png"}],"author":"Zverissimo","twitter_card":"summary_large_image","twitter_misc":{"Autor":"Zverissimo","Predpokladan\u00fd \u010das \u010d\u00edtania":"3 min\u00faty"},"schema":{"@context":"https:\/\/schema.org","@graph":[{"@type":"Article","@id":"https:\/\/zverissimo.sk\/podcast\/denisa-fazekasova-a-janka-sikulova-kynologicky-s-vasnou-pre-vycvik-psov-a-pomoc-ludom\/#article","isPartOf":{"@id":"https:\/\/zverissimo.sk\/podcast\/denisa-fazekasova-a-janka-sikulova-kynologicky-s-vasnou-pre-vycvik-psov-a-pomoc-ludom\/"},"author":{"name":"Zverissimo","@id":"https:\/\/zverissimo.sk\/podcast\/#\/schema\/person\/e026fb09405def5321ad2f9b70a2a0d1"},"headline":"Denisa Fazeka\u0161ov\u00e1 a Janka \u0160ikulov\u00e1: Kynologi\u010dky s v\u00e1\u0161\u0148ou pre v\u00fdcvik psov a pomoc \u013eu\u010fom","datePublished":"2022-08-24T13:31:49+00:00","dateModified":"2024-12-10T12:47:19+00:00","mainEntityOfPage":{"@id":"https:\/\/zverissimo.sk\/podcast\/denisa-fazekasova-a-janka-sikulova-kynologicky-s-vasnou-pre-vycvik-psov-a-pomoc-ludom\/"},"wordCount":726,"publisher":{"@id":"https:\/\/zverissimo.sk\/podcast\/#organization"},"keywords":["kynol\u00f3gia","ps\u00ed tr\u00e9ning","psy","v\u00fdcvik psov","zdravie zvierat"],"articleSection":["\u010cl\u00e1nky","Rady"],"inLanguage":"sk-SK"},{"@type":"WebPage","@id":"https:\/\/zverissimo.sk\/podcast\/denisa-fazekasova-a-janka-sikulova-kynologicky-s-vasnou-pre-vycvik-psov-a-pomoc-ludom\/","url":"https:\/\/zverissimo.sk\/podcast\/denisa-fazekasova-a-janka-sikulova-kynologicky-s-vasnou-pre-vycvik-psov-a-pomoc-ludom\/","name":"Denisa Fazeka\u0161ov\u00e1 a Janka \u0160ikulov\u00e1: Kynologi\u010dky s v\u00e1\u0161\u0148ou pre v\u00fdcvik psov a pomoc \u013eu\u010fom - Zverissimo","isPartOf":{"@id":"https:\/\/zverissimo.sk\/podcast\/#website"},"datePublished":"2022-08-24T13:31:49+00:00","dateModified":"2024-12-10T12:47:19+00:00","description":"Okrem vedenia cvi\u010diska pre psov a tr\u00e9ningu majite\u013eov so \u0161tvornoh\u00fdmi mil\u00e1\u010dikmi sa z\u00fa\u010dastnili aj medzin\u00e1rodn\u00fdch z\u00e1chrann\u00fdch akci\u00ed.","breadcrumb":{"@id":"https:\/\/zverissimo.sk\/podcast\/denisa-fazekasova-a-janka-sikulova-kynologicky-s-vasnou-pre-vycvik-psov-a-pomoc-ludom\/#breadcrumb"},"inLanguage":"sk-SK","potentialAction":[{"@type":"ReadAction","target":["https:\/\/zverissimo.sk\/podcast\/denisa-fazekasova-a-janka-sikulova-kynologicky-s-vasnou-pre-vycvik-psov-a-pomoc-ludom\/"]}]},{"@type":"BreadcrumbList","@id":"https:\/\/zverissimo.sk\/podcast\/denisa-fazekasova-a-janka-sikulova-kynologicky-s-vasnou-pre-vycvik-psov-a-pomoc-ludom\/#breadcrumb","itemListElement":[{"@type":"ListItem","position":1,"name":"Domovsk\u00e1 str\u00e1nka","item":"https:\/\/zverissimo.sk\/podcast\/"},{"@type":"ListItem","position":2,"name":"Denisa Fazeka\u0161ov\u00e1 a Janka \u0160ikulov\u00e1: Kynologi\u010dky s v\u00e1\u0161\u0148ou pre v\u00fdcvik psov a pomoc \u013eu\u010fom"}]},{"@type":"WebSite","@id":"https:\/\/zverissimo.sk\/podcast\/#website","url":"https:\/\/zverissimo.sk\/podcast\/","name":"Zverissimo","description":"Podcast: Dvojno\u017eci o \u0161tvorno\u017ecoch","publisher":{"@id":"https:\/\/zverissimo.sk\/podcast\/#organization"},"potentialAction":[{"@type":"SearchAction","target":{"@type":"EntryPoint","urlTemplate":"https:\/\/zverissimo.sk\/podcast\/?s={search_term_string}"},"query-input":"required name=search_term_string"}],"inLanguage":"sk-SK"},{"@type":"Organization","@id":"https:\/\/zverissimo.sk\/podcast\/#organization","name":"Zverissimo","url":"https:\/\/zverissimo.sk\/podcast\/","logo":{"@type":"ImageObject","inLanguage":"sk-SK","@id":"https:\/\/zverissimo.sk\/podcast\/#\/schema\/logo\/image\/","url":"https:\/\/zverissimo.sk\/podcast\/engine\/wp-content\/uploads\/2022\/07\/zverissimo_logo.svg","contentUrl":"https:\/\/zverissimo.sk\/podcast\/engine\/wp-content\/uploads\/2022\/07\/zverissimo_logo.svg","width":240,"height":35,"caption":"Zverissimo"},"image":{"@id":"https:\/\/zverissimo.sk\/podcast\/#\/schema\/logo\/image\/"},"sameAs":["https:\/\/www.instagram.com\/zverissimo_podcast\/","https:\/\/www.facebook.com\/zverissimo"]},{"@type":"Person","@id":"https:\/\/zverissimo.sk\/podcast\/#\/schema\/person\/e026fb09405def5321ad2f9b70a2a0d1","name":"Zverissimo"}]}},"_links":{"self":[{"href":"https:\/\/zverissimo.sk\/podcast\/wp-json\/wp\/v2\/posts\/664"}],"collection":[{"href":"https:\/\/zverissimo.sk\/podcast\/wp-json\/wp\/v2\/posts"}],"about":[{"href":"https:\/\/zverissimo.sk\/podcast\/wp-json\/wp\/v2\/types\/post"}],"author":[{"embeddable":true,"href":"https:\/\/zverissimo.sk\/podcast\/wp-json\/wp\/v2\/users\/2"}],"replies":[{"embeddable":true,"href":"https:\/\/zverissimo.sk\/podcast\/wp-json\/wp\/v2\/comments?post=664"}],"version-history":[{"count":3,"href":"https:\/\/zverissimo.sk\/podcast\/wp-json\/wp\/v2\/posts\/664\/revisions"}],"predecessor-version":[{"id":667,"href":"https:\/\/zverissimo.sk\/podcast\/wp-json\/wp\/v2\/posts\/664\/revisions\/667"}],"wp:featuredmedia":[{"embeddable":true,"href":"https:\/\/zverissimo.sk\/podcast\/wp-json\/wp\/v2\/media\/665"}],"wp:attachment":[{"href":"https:\/\/zverissimo.sk\/podcast\/wp-json\/wp\/v2\/media?parent=664"}],"wp:term":[{"taxonomy":"category","embeddable":true,"href":"https:\/\/zverissimo.sk\/podcast\/wp-json\/wp\/v2\/categories?post=664"},{"taxonomy":"post_tag","embeddable":true,"href":"https:\/\/zverissimo.sk\/podcast\/wp-json\/wp\/v2\/tags?post=664"}],"curies":[{"name":"wp","href":"https:\/\/api.w.org\/{rel}","templated":true}]}}