{"id":649,"date":"2022-07-13T14:19:05","date_gmt":"2022-07-13T12:19:05","guid":{"rendered":"https:\/\/zverissimo.sk\/podcast\/?p=649"},"modified":"2024-12-10T13:43:29","modified_gmt":"2024-12-10T12:43:29","slug":"krasa-a-emocie-vo-fotografii-rozhovor-s-verou-fox-fotografkou-zvierat-a-ich-majitelo","status":"publish","type":"post","link":"https:\/\/zverissimo.sk\/podcast\/krasa-a-emocie-vo-fotografii-rozhovor-s-verou-fox-fotografkou-zvierat-a-ich-majitelo\/","title":{"rendered":"Kr\u00e1sa a em\u00f3cie vo fotografii: Rozhovor s Verou Fox, fotografkou zvierat a ich majite\u013eov"},"content":{"rendered":"<p>V najnov\u0161ej epiz\u00f3de podcastu <strong>Zverissimo<\/strong>, s n\u00e1zvom <a href=\"https:\/\/zverissimo.sk\/podcast\/epizoda\/s01-e03-povedz-syyyyr\/\">Povedz s\u00fd\u00fd\u00fd\u00fdr<\/a>, hostil Jano Dobr\u00edk fotografku Veru Fox, ktor\u00e1 sa \u0161pecializuje na zachyt\u00e1vanie vz\u0165ahov medzi zvieratami a ich majite\u013emi. Vera n\u00e1m porozpr\u00e1vala o tom, ako sa dostala k fotografovaniu, \u010do ju in\u0161piruje a ak\u00e9 s\u00fa v\u00fdzvy pri pr\u00e1ci s neposedn\u00fdmi modelmi \u2013 \u010di u\u017e s\u00fa to psy, ma\u010dky alebo chamele\u00f3ny. Ak v\u00e1s zauj\u00edma spojenie umenia, pr\u00edrody a l\u00e1sky k zvierat\u00e1m, tento rozhovor si nem\u00f4\u017eete necha\u0165 ujs\u0165.<\/p>\n<h3>Ako sa Vera dostala k foteniu zvierat?<\/h3>\n<p>P\u00f4vodne sa k fotografovaniu dostala cez man\u017eela, ktor\u00fd je svadobn\u00fdm fotografom. Napriek pl\u00e1nom fotografova\u0165 svadby ju t\u00e1to oblas\u0165 nenadchla. S jej l\u00e1skou k zvierat\u00e1m a mno\u017estvom ps\u00edch kamar\u00e1tov v okol\u00ed bol prechod k foteniu zvierat prirodzen\u00fd.<\/p>\n<ul>\n<li><strong>Pre\u010do pr\u00e1ve zvierat\u00e1?<\/strong> Vera m\u00e1 od detstva bl\u00edzky vz\u0165ah k zvierat\u00e1m a vn\u00edma ich ako d\u00f4le\u017eit\u00fa s\u00fa\u010das\u0165 rodiny. Fotenie psov, kon\u00ed, ma\u010diek \u010di in\u00fdch zvierat jej umo\u017e\u0148uje zachyti\u0165 autentick\u00e9 okamihy a vz\u0165ahy.<\/li>\n<\/ul>\n<h3>Proces fotenia: Od prv\u00e9ho kontaktu po fin\u00e1lny z\u00e1ber<\/h3>\n<p>Ka\u017ed\u00e9 fotenie za\u010d\u00edna d\u00f4kladnou pr\u00edpravou a zozn\u00e1men\u00edm sa so zviera\u0165om a jeho majite\u013eom. Pod\u013ea Verinych slov je d\u00f4le\u017eit\u00e9, aby sa zviera c\u00edtilo uvo\u013enene a aby bol zachyten\u00fd jeho prirodzen\u00fd charakter.<\/p>\n<ul>\n<li><strong>V\u00fdber prostredia:<\/strong> Klienti si m\u00f4\u017eu vybra\u0165 medzi ateli\u00e9rov\u00fdm foten\u00edm a exteri\u00e9rov\u00fdmi lokalitami, ako s\u00fa lesy, l\u00faky \u010di vodn\u00e9 plochy. Ro\u010dn\u00e9 obdobie a preferencie majite\u013eov zohr\u00e1vaj\u00fa v\u00fdznamn\u00fa \u00falohu.<\/li>\n<li><strong>Pr\u00edprava zviera\u0165a:<\/strong> Vera sa so zvieratami najsk\u00f4r zozn\u00e1mi, aby ich uvo\u013enila a vytvorila pr\u00edjemn\u00fa atmosf\u00e9ru. &#8222;Ka\u017ed\u00fd pes je in\u00fd, a tak aj pr\u00edstup k nim mus\u00ed by\u0165 individu\u00e1lny,&#8220; hovor\u00ed.<\/li>\n<li><strong>Interakcia s majite\u013emi:<\/strong> Fotenie nie je len o zvierati, ale aj o zachyten\u00ed vz\u0165ahu medzi n\u00edm a jeho majite\u013eom. Vera zd\u00f4raz\u0148uje, \u017ee em\u00f3cie a autentickos\u0165 s\u00fa k\u013e\u00fa\u010dov\u00e9.<\/li>\n<\/ul>\n<h3>Fotografick\u00e9 v\u00fdzvy a momenty radosti<\/h3>\n<p>Fotenie zvierat prin\u00e1\u0161a mno\u017estvo ne\u010dakan\u00fdch situ\u00e1ci\u00ed. \u010ci u\u017e ide o neposedn\u00e9ho psa, alebo o ma\u010dku, ktor\u00e1 m\u00e1 svoju hlavu, Vera sa v\u017edy sna\u017e\u00ed zachyti\u0165 prirodzen\u00e9 momenty. &#8222;Najd\u00f4le\u017eitej\u0161ie je prisp\u00f4sobi\u0165 sa povahe zviera\u0165a a vytvori\u0165 fotky, ktor\u00e9 odr\u00e1\u017eaj\u00fa jeho jedine\u010dnos\u0165,&#8220; vysvet\u013euje.<\/p>\n<ul>\n<li><strong>Netradi\u010dn\u00ed modeli:<\/strong> Okrem psov a ma\u010diek Vera fotila aj chamele\u00f3ny, potkany, prasa, je\u017eka \u010di gekona. Ka\u017ed\u00e9 fotenie je pre \u0148u novou v\u00fdzvou a zdrojom in\u0161pir\u00e1cie.<\/li>\n<li><strong>Charitat\u00edvne projekty:<\/strong> Vera vytv\u00e1ra aj charitat\u00edvne kalend\u00e1re, ktor\u00fdmi podporuje \u00fatulky. Zameriava sa na zvierat\u00e1 s hendikepmi, \u010d\u00edm \u0161\u00edri osvetu a ukazuje ich kr\u00e1su a hodnotu.<\/li>\n<\/ul>\n<h3>Em\u00f3cie ako z\u00e1klad fotografie<\/h3>\n<p>Vera sa nezameriava na klasick\u00e9 portr\u00e9ty zvierat, ale na zachytenie vz\u0165ahu medzi nimi a ich majite\u013emi. &#8222;Nie je to o tom, aby pes sedel pokojne a pozeral do objekt\u00edvu. Je to o zachyten\u00ed chv\u00ed\u013e, ktor\u00e9 s\u00fa autentick\u00e9 a jedine\u010dn\u00e9,&#8220; hovor\u00ed.<\/p>\n<ul>\n<li><strong>Spolupr\u00e1ca s klientmi:<\/strong> \u010casto sa st\u00e1va, \u017ee majitelia s\u00fa nerv\u00f3znej\u0161\u00ed ako ich psy. &#8222;Trpezlivos\u0165 je k\u013e\u00fa\u010dov\u00e1,&#8220; dod\u00e1va Vera.<\/li>\n<li><strong>Z\u00e1snuby a \u0161peci\u00e1lne okamihy:<\/strong> Ned\u00e1vno sa jej splnil sen, ke\u010f zachytila z\u00e1snuby p\u00e1ru so psami. &#8222;Je \u00fa\u017easn\u00e9 by\u0165 s\u00fa\u010das\u0165ou tak\u00fdchto emot\u00edvnych momentov,&#8220; prezr\u00e1dza.<\/li>\n<\/ul>\n<h3>Zverinec doma: In\u0161pir\u00e1cia z vlastn\u00fdch ps\u00edkov<\/h3>\n<p>Vera m\u00e1 doma dve fenky, Nitu a Poe, ktor\u00e9 obohatili jej \u017eivot aj poh\u013ead na zvierat\u00e1. Obidve s\u00fa z \u00fatulkov a maj\u00fa za sebou \u0165a\u017ek\u00e9 pr\u00edbehy. &#8222;Moje psy ma u\u010dia trpezlivosti a l\u00e1ske. Aj ke\u010f ich foti\u0165 je v\u00fdzva,&#8220; smeje sa.<\/p>\n<h3>Pl\u00e1ny a sny: \u010co bude \u010falej?<\/h3>\n<p>Vera by rada roz\u0161\u00edrila svoje p\u00f4sobenie za hranice Slovenska. Hoci fotenie zvierat v zahrani\u010d\u00ed je logisticky n\u00e1ro\u010dnej\u0161ie, ver\u00ed, \u017ee jej autentick\u00fd \u0161t\u00fdl oslov\u00ed aj medzin\u00e1rodn\u00fa klientelu.<\/p>\n<h3>V \u010dom spo\u010d\u00edva \u010daro Verin\u00fdch fotiek?<\/h3>\n<p>Verina pr\u00e1ca je oslavou \u017eivota a vz\u0165ahov, ktor\u00e9 m\u00e1me so svojimi zvierac\u00edmi mil\u00e1\u010dikmi. &#8222;Najkraj\u0161ie momenty s\u00fa tie, ktor\u00e9 vznikn\u00fa spont\u00e1nne. Ka\u017ed\u00e9 fotenie je jedine\u010dn\u00e9, presne tak ako vz\u0165ah medzi zviera\u0165om a jeho majite\u013eom,&#8220; hovor\u00ed Vera Fox.<\/p>\n<h3>Chcete ma\u0165 kr\u00e1snu spomienku na v\u00e1\u0161ho mil\u00e1\u010dika?<\/h3>\n<p>Pozrite si Verinu tvorbu na soci\u00e1lnych sie\u0165ach:<\/p>\n<ul>\n<li><strong>Instagram:<\/strong> <a href=\"https:\/\/www.instagram.com\/verafox_photo\/?hl=en\">Vera Fox Photography<\/a><\/li>\n<\/ul>\n<p>A nezabudnite \u2013 najlep\u0161ie z\u00e1bery vznikaj\u00fa vtedy, ke\u010f d\u00e1te zviera\u0165u priestor by\u0165 sam\u00fdm sebou.<\/p>\n","protected":false},"excerpt":{"rendered":"<p>Regular text in vel diam ultrices, aliquam orci ut, sodales augue. Etiam ex magna, elementum non diam eget, aliquam dictum sapien.<\/p>\n","protected":false},"author":2,"featured_media":650,"comment_status":"closed","ping_status":"closed","sticky":false,"template":"","format":"standard","meta":{"inline_featured_image":false},"categories":[10,13],"tags":[26,12,11],"acf":[],"yoast_head":"<title>Kr\u00e1sa a em\u00f3cie vo fotografii: Rozhovor s Verou Fox, fotografkou zvierat a ich majite\u013eov - Zverissimo<\/title>\n<meta name=\"description\" content=\"Vera Fox n\u00e1m porozpr\u00e1vala o tom, ako sa dostala k fotografovaniu, \u010do ju in\u0161piruje a ak\u00e9 s\u00fa v\u00fdzvy pri pr\u00e1ci s neposedn\u00fdmi zvieratami.\" \/>\n<meta name=\"robots\" content=\"index, follow, max-snippet:-1, max-image-preview:large, max-video-preview:-1\" \/>\n<link rel=\"canonical\" href=\"https:\/\/zverissimo.sk\/podcast\/krasa-a-emocie-vo-fotografii-rozhovor-s-verou-fox-fotografkou-zvierat-a-ich-majitelo\/\" \/>\n<meta property=\"og:locale\" content=\"sk_SK\" \/>\n<meta property=\"og:type\" content=\"article\" \/>\n<meta property=\"og:title\" content=\"Kr\u00e1sa a em\u00f3cie vo fotografii: Rozhovor s Verou Fox, fotografkou zvierat a ich majite\u013eov - Zverissimo\" \/>\n<meta property=\"og:description\" content=\"Vera Fox n\u00e1m porozpr\u00e1vala o tom, ako sa dostala k fotografovaniu, \u010do ju in\u0161piruje a ak\u00e9 s\u00fa v\u00fdzvy pri pr\u00e1ci s neposedn\u00fdmi zvieratami.\" \/>\n<meta property=\"og:url\" content=\"https:\/\/zverissimo.sk\/podcast\/krasa-a-emocie-vo-fotografii-rozhovor-s-verou-fox-fotografkou-zvierat-a-ich-majitelo\/\" \/>\n<meta property=\"og:site_name\" content=\"Zverissimo\" \/>\n<meta property=\"article:publisher\" content=\"https:\/\/www.facebook.com\/zverissimo\" \/>\n<meta property=\"article:published_time\" content=\"2022-07-13T12:19:05+00:00\" \/>\n<meta property=\"article:modified_time\" content=\"2024-12-10T12:43:29+00:00\" \/>\n<meta property=\"og:image\" content=\"https:\/\/zverissimo.sk\/podcast\/engine\/wp-content\/uploads\/2024\/12\/s01-e03-image-vypis.png\" \/>\n\t<meta property=\"og:image:width\" content=\"640\" \/>\n\t<meta property=\"og:image:height\" content=\"360\" \/>\n\t<meta property=\"og:image:type\" content=\"image\/png\" \/>\n<meta name=\"author\" content=\"Zverissimo\" \/>\n<meta name=\"twitter:card\" content=\"summary_large_image\" \/>\n<meta name=\"twitter:label1\" content=\"Autor\" \/>\n\t<meta name=\"twitter:data1\" content=\"Zverissimo\" \/>\n\t<meta name=\"twitter:label2\" content=\"Predpokladan\u00fd \u010das \u010d\u00edtania\" \/>\n\t<meta name=\"twitter:data2\" content=\"4 min\u00faty\" \/>\n<script type=\"application\/ld+json\" class=\"yoast-schema-graph\">{\"@context\":\"https:\/\/schema.org\",\"@graph\":[{\"@type\":\"Article\",\"@id\":\"https:\/\/zverissimo.sk\/podcast\/krasa-a-emocie-vo-fotografii-rozhovor-s-verou-fox-fotografkou-zvierat-a-ich-majitelo\/#article\",\"isPartOf\":{\"@id\":\"https:\/\/zverissimo.sk\/podcast\/krasa-a-emocie-vo-fotografii-rozhovor-s-verou-fox-fotografkou-zvierat-a-ich-majitelo\/\"},\"author\":{\"name\":\"Zverissimo\",\"@id\":\"https:\/\/zverissimo.sk\/podcast\/#\/schema\/person\/e026fb09405def5321ad2f9b70a2a0d1\"},\"headline\":\"Kr\u00e1sa a em\u00f3cie vo fotografii: Rozhovor s Verou Fox, fotografkou zvierat a ich majite\u013eov\",\"datePublished\":\"2022-07-13T12:19:05+00:00\",\"dateModified\":\"2024-12-10T12:43:29+00:00\",\"mainEntityOfPage\":{\"@id\":\"https:\/\/zverissimo.sk\/podcast\/krasa-a-emocie-vo-fotografii-rozhovor-s-verou-fox-fotografkou-zvierat-a-ich-majitelo\/\"},\"wordCount\":803,\"publisher\":{\"@id\":\"https:\/\/zverissimo.sk\/podcast\/#organization\"},\"keywords\":[\"fotenie zvierat\",\"ma\u010dky\",\"psy\"],\"articleSection\":[\"\u010cl\u00e1nky\",\"Rady\"],\"inLanguage\":\"sk-SK\"},{\"@type\":\"WebPage\",\"@id\":\"https:\/\/zverissimo.sk\/podcast\/krasa-a-emocie-vo-fotografii-rozhovor-s-verou-fox-fotografkou-zvierat-a-ich-majitelo\/\",\"url\":\"https:\/\/zverissimo.sk\/podcast\/krasa-a-emocie-vo-fotografii-rozhovor-s-verou-fox-fotografkou-zvierat-a-ich-majitelo\/\",\"name\":\"Kr\u00e1sa a em\u00f3cie vo fotografii: Rozhovor s Verou Fox, fotografkou zvierat a ich majite\u013eov - Zverissimo\",\"isPartOf\":{\"@id\":\"https:\/\/zverissimo.sk\/podcast\/#website\"},\"datePublished\":\"2022-07-13T12:19:05+00:00\",\"dateModified\":\"2024-12-10T12:43:29+00:00\",\"description\":\"Vera Fox n\u00e1m porozpr\u00e1vala o tom, ako sa dostala k fotografovaniu, \u010do ju in\u0161piruje a ak\u00e9 s\u00fa v\u00fdzvy pri pr\u00e1ci s neposedn\u00fdmi zvieratami.\",\"breadcrumb\":{\"@id\":\"https:\/\/zverissimo.sk\/podcast\/krasa-a-emocie-vo-fotografii-rozhovor-s-verou-fox-fotografkou-zvierat-a-ich-majitelo\/#breadcrumb\"},\"inLanguage\":\"sk-SK\",\"potentialAction\":[{\"@type\":\"ReadAction\",\"target\":[\"https:\/\/zverissimo.sk\/podcast\/krasa-a-emocie-vo-fotografii-rozhovor-s-verou-fox-fotografkou-zvierat-a-ich-majitelo\/\"]}]},{\"@type\":\"BreadcrumbList\",\"@id\":\"https:\/\/zverissimo.sk\/podcast\/krasa-a-emocie-vo-fotografii-rozhovor-s-verou-fox-fotografkou-zvierat-a-ich-majitelo\/#breadcrumb\",\"itemListElement\":[{\"@type\":\"ListItem\",\"position\":1,\"name\":\"Domovsk\u00e1 str\u00e1nka\",\"item\":\"https:\/\/zverissimo.sk\/podcast\/\"},{\"@type\":\"ListItem\",\"position\":2,\"name\":\"Kr\u00e1sa a em\u00f3cie vo fotografii: Rozhovor s Verou Fox, fotografkou zvierat a ich majite\u013eov\"}]},{\"@type\":\"WebSite\",\"@id\":\"https:\/\/zverissimo.sk\/podcast\/#website\",\"url\":\"https:\/\/zverissimo.sk\/podcast\/\",\"name\":\"Zverissimo\",\"description\":\"Podcast: Dvojno\u017eci o \u0161tvorno\u017ecoch\",\"publisher\":{\"@id\":\"https:\/\/zverissimo.sk\/podcast\/#organization\"},\"potentialAction\":[{\"@type\":\"SearchAction\",\"target\":{\"@type\":\"EntryPoint\",\"urlTemplate\":\"https:\/\/zverissimo.sk\/podcast\/?s={search_term_string}\"},\"query-input\":\"required name=search_term_string\"}],\"inLanguage\":\"sk-SK\"},{\"@type\":\"Organization\",\"@id\":\"https:\/\/zverissimo.sk\/podcast\/#organization\",\"name\":\"Zverissimo\",\"url\":\"https:\/\/zverissimo.sk\/podcast\/\",\"logo\":{\"@type\":\"ImageObject\",\"inLanguage\":\"sk-SK\",\"@id\":\"https:\/\/zverissimo.sk\/podcast\/#\/schema\/logo\/image\/\",\"url\":\"https:\/\/zverissimo.sk\/podcast\/engine\/wp-content\/uploads\/2022\/07\/zverissimo_logo.svg\",\"contentUrl\":\"https:\/\/zverissimo.sk\/podcast\/engine\/wp-content\/uploads\/2022\/07\/zverissimo_logo.svg\",\"width\":240,\"height\":35,\"caption\":\"Zverissimo\"},\"image\":{\"@id\":\"https:\/\/zverissimo.sk\/podcast\/#\/schema\/logo\/image\/\"},\"sameAs\":[\"https:\/\/www.instagram.com\/zverissimo_podcast\/\",\"https:\/\/www.facebook.com\/zverissimo\"]},{\"@type\":\"Person\",\"@id\":\"https:\/\/zverissimo.sk\/podcast\/#\/schema\/person\/e026fb09405def5321ad2f9b70a2a0d1\",\"name\":\"Zverissimo\"}]}<\/script>","yoast_head_json":{"title":"Kr\u00e1sa a em\u00f3cie vo fotografii: Rozhovor s Verou Fox, fotografkou zvierat a ich majite\u013eov - Zverissimo","description":"Vera Fox n\u00e1m porozpr\u00e1vala o tom, ako sa dostala k fotografovaniu, \u010do ju in\u0161piruje a ak\u00e9 s\u00fa v\u00fdzvy pri pr\u00e1ci s neposedn\u00fdmi zvieratami.","robots":{"index":"index","follow":"follow","max-snippet":"max-snippet:-1","max-image-preview":"max-image-preview:large","max-video-preview":"max-video-preview:-1"},"canonical":"https:\/\/zverissimo.sk\/podcast\/krasa-a-emocie-vo-fotografii-rozhovor-s-verou-fox-fotografkou-zvierat-a-ich-majitelo\/","og_locale":"sk_SK","og_type":"article","og_title":"Kr\u00e1sa a em\u00f3cie vo fotografii: Rozhovor s Verou Fox, fotografkou zvierat a ich majite\u013eov - Zverissimo","og_description":"Vera Fox n\u00e1m porozpr\u00e1vala o tom, ako sa dostala k fotografovaniu, \u010do ju in\u0161piruje a ak\u00e9 s\u00fa v\u00fdzvy pri pr\u00e1ci s neposedn\u00fdmi zvieratami.","og_url":"https:\/\/zverissimo.sk\/podcast\/krasa-a-emocie-vo-fotografii-rozhovor-s-verou-fox-fotografkou-zvierat-a-ich-majitelo\/","og_site_name":"Zverissimo","article_publisher":"https:\/\/www.facebook.com\/zverissimo","article_published_time":"2022-07-13T12:19:05+00:00","article_modified_time":"2024-12-10T12:43:29+00:00","og_image":[{"width":640,"height":360,"url":"https:\/\/zverissimo.sk\/podcast\/engine\/wp-content\/uploads\/2024\/12\/s01-e03-image-vypis.png","type":"image\/png"}],"author":"Zverissimo","twitter_card":"summary_large_image","twitter_misc":{"Autor":"Zverissimo","Predpokladan\u00fd \u010das \u010d\u00edtania":"4 min\u00faty"},"schema":{"@context":"https:\/\/schema.org","@graph":[{"@type":"Article","@id":"https:\/\/zverissimo.sk\/podcast\/krasa-a-emocie-vo-fotografii-rozhovor-s-verou-fox-fotografkou-zvierat-a-ich-majitelo\/#article","isPartOf":{"@id":"https:\/\/zverissimo.sk\/podcast\/krasa-a-emocie-vo-fotografii-rozhovor-s-verou-fox-fotografkou-zvierat-a-ich-majitelo\/"},"author":{"name":"Zverissimo","@id":"https:\/\/zverissimo.sk\/podcast\/#\/schema\/person\/e026fb09405def5321ad2f9b70a2a0d1"},"headline":"Kr\u00e1sa a em\u00f3cie vo fotografii: Rozhovor s Verou Fox, fotografkou zvierat a ich majite\u013eov","datePublished":"2022-07-13T12:19:05+00:00","dateModified":"2024-12-10T12:43:29+00:00","mainEntityOfPage":{"@id":"https:\/\/zverissimo.sk\/podcast\/krasa-a-emocie-vo-fotografii-rozhovor-s-verou-fox-fotografkou-zvierat-a-ich-majitelo\/"},"wordCount":803,"publisher":{"@id":"https:\/\/zverissimo.sk\/podcast\/#organization"},"keywords":["fotenie zvierat","ma\u010dky","psy"],"articleSection":["\u010cl\u00e1nky","Rady"],"inLanguage":"sk-SK"},{"@type":"WebPage","@id":"https:\/\/zverissimo.sk\/podcast\/krasa-a-emocie-vo-fotografii-rozhovor-s-verou-fox-fotografkou-zvierat-a-ich-majitelo\/","url":"https:\/\/zverissimo.sk\/podcast\/krasa-a-emocie-vo-fotografii-rozhovor-s-verou-fox-fotografkou-zvierat-a-ich-majitelo\/","name":"Kr\u00e1sa a em\u00f3cie vo fotografii: Rozhovor s Verou Fox, fotografkou zvierat a ich majite\u013eov - Zverissimo","isPartOf":{"@id":"https:\/\/zverissimo.sk\/podcast\/#website"},"datePublished":"2022-07-13T12:19:05+00:00","dateModified":"2024-12-10T12:43:29+00:00","description":"Vera Fox n\u00e1m porozpr\u00e1vala o tom, ako sa dostala k fotografovaniu, \u010do ju in\u0161piruje a ak\u00e9 s\u00fa v\u00fdzvy pri pr\u00e1ci s neposedn\u00fdmi zvieratami.","breadcrumb":{"@id":"https:\/\/zverissimo.sk\/podcast\/krasa-a-emocie-vo-fotografii-rozhovor-s-verou-fox-fotografkou-zvierat-a-ich-majitelo\/#breadcrumb"},"inLanguage":"sk-SK","potentialAction":[{"@type":"ReadAction","target":["https:\/\/zverissimo.sk\/podcast\/krasa-a-emocie-vo-fotografii-rozhovor-s-verou-fox-fotografkou-zvierat-a-ich-majitelo\/"]}]},{"@type":"BreadcrumbList","@id":"https:\/\/zverissimo.sk\/podcast\/krasa-a-emocie-vo-fotografii-rozhovor-s-verou-fox-fotografkou-zvierat-a-ich-majitelo\/#breadcrumb","itemListElement":[{"@type":"ListItem","position":1,"name":"Domovsk\u00e1 str\u00e1nka","item":"https:\/\/zverissimo.sk\/podcast\/"},{"@type":"ListItem","position":2,"name":"Kr\u00e1sa a em\u00f3cie vo fotografii: Rozhovor s Verou Fox, fotografkou zvierat a ich majite\u013eov"}]},{"@type":"WebSite","@id":"https:\/\/zverissimo.sk\/podcast\/#website","url":"https:\/\/zverissimo.sk\/podcast\/","name":"Zverissimo","description":"Podcast: Dvojno\u017eci o \u0161tvorno\u017ecoch","publisher":{"@id":"https:\/\/zverissimo.sk\/podcast\/#organization"},"potentialAction":[{"@type":"SearchAction","target":{"@type":"EntryPoint","urlTemplate":"https:\/\/zverissimo.sk\/podcast\/?s={search_term_string}"},"query-input":"required name=search_term_string"}],"inLanguage":"sk-SK"},{"@type":"Organization","@id":"https:\/\/zverissimo.sk\/podcast\/#organization","name":"Zverissimo","url":"https:\/\/zverissimo.sk\/podcast\/","logo":{"@type":"ImageObject","inLanguage":"sk-SK","@id":"https:\/\/zverissimo.sk\/podcast\/#\/schema\/logo\/image\/","url":"https:\/\/zverissimo.sk\/podcast\/engine\/wp-content\/uploads\/2022\/07\/zverissimo_logo.svg","contentUrl":"https:\/\/zverissimo.sk\/podcast\/engine\/wp-content\/uploads\/2022\/07\/zverissimo_logo.svg","width":240,"height":35,"caption":"Zverissimo"},"image":{"@id":"https:\/\/zverissimo.sk\/podcast\/#\/schema\/logo\/image\/"},"sameAs":["https:\/\/www.instagram.com\/zverissimo_podcast\/","https:\/\/www.facebook.com\/zverissimo"]},{"@type":"Person","@id":"https:\/\/zverissimo.sk\/podcast\/#\/schema\/person\/e026fb09405def5321ad2f9b70a2a0d1","name":"Zverissimo"}]}},"_links":{"self":[{"href":"https:\/\/zverissimo.sk\/podcast\/wp-json\/wp\/v2\/posts\/649"}],"collection":[{"href":"https:\/\/zverissimo.sk\/podcast\/wp-json\/wp\/v2\/posts"}],"about":[{"href":"https:\/\/zverissimo.sk\/podcast\/wp-json\/wp\/v2\/types\/post"}],"author":[{"embeddable":true,"href":"https:\/\/zverissimo.sk\/podcast\/wp-json\/wp\/v2\/users\/2"}],"replies":[{"embeddable":true,"href":"https:\/\/zverissimo.sk\/podcast\/wp-json\/wp\/v2\/comments?post=649"}],"version-history":[{"count":2,"href":"https:\/\/zverissimo.sk\/podcast\/wp-json\/wp\/v2\/posts\/649\/revisions"}],"predecessor-version":[{"id":663,"href":"https:\/\/zverissimo.sk\/podcast\/wp-json\/wp\/v2\/posts\/649\/revisions\/663"}],"wp:featuredmedia":[{"embeddable":true,"href":"https:\/\/zverissimo.sk\/podcast\/wp-json\/wp\/v2\/media\/650"}],"wp:attachment":[{"href":"https:\/\/zverissimo.sk\/podcast\/wp-json\/wp\/v2\/media?parent=649"}],"wp:term":[{"taxonomy":"category","embeddable":true,"href":"https:\/\/zverissimo.sk\/podcast\/wp-json\/wp\/v2\/categories?post=649"},{"taxonomy":"post_tag","embeddable":true,"href":"https:\/\/zverissimo.sk\/podcast\/wp-json\/wp\/v2\/tags?post=649"}],"curies":[{"name":"wp","href":"https:\/\/api.w.org\/{rel}","templated":true}]}}